{"id":40883,"date":"2022-09-12T08:39:01","date_gmt":"2022-09-12T11:39:01","guid":{"rendered":"https:\/\/grupotiempodigital.com.ar\/?p=40883"},"modified":"2022-09-12T08:39:01","modified_gmt":"2022-09-12T11:39:01","slug":"ranchos-actos-por-el-dia-del-maestro","status":"publish","type":"post","link":"https:\/\/grupotiempodigital.com.ar\/?p=40883","title":{"rendered":"Ranchos: ACTOS POR EL D\u00cdA DEL MAESTRO"},"content":{"rendered":"<p>En la ma\u00f1ana del viernes se realizaron los actos por el D\u00eda del Maestro, al conmemorarse el 134\u00b0 aniversario del fallecimiento de Domingo Faustino Sarmiento el pr\u00f3ximo domingo 11 de septiembre.<\/p>\n<p>El mismo, organizado por las autoridades educativas y presidido por la Inspectora Jefe Distrital Laura Maidana, cont\u00f3 con la presencia del Intendente Municipal, Juan Manuel Alvarez, la Secretaria de educaci\u00f3n, Cristina Borda, miembros del Honorable Concejo Deliberante y del Consejo Escolar de General Paz y docentes locales.<\/p>\n<p>Asimismo, como se estila todos los 11 de septiembre, se homenaje\u00f3 a docentes del distrito que alcanzaron la jubilaci\u00f3n: Norma Zaffignani, Mar\u00eda Fernanda Echarri, Mar\u00eda Jos\u00e9 Sosa y Viviana Vega. La primera de ellas, junto a la Presidenta del Consejo Escolar, Mariela Ballejos, izaron el Pabell\u00f3n Nacional, mientras que la segunda, junto a la Inspectora Jefa Distrital, se encargaron de la bandera bonaerense.<\/p>\n<p>Las palabras alusivas estuvieron a cargo de Valeria Pozos, Directora de la Escuela de Educaci\u00f3n Especial N\u00b0501 y la Secretaria de la E.P. N\u00b01, Cecilia Cabral, despidi\u00f3 a las docentes jubiladas. Finalmente, ni\u00f1os y ni\u00f1as de los jardines de infantes N\u00b0901 y N\u00b0904, realizaron un cuadro de expresi\u00f3n corporal y cantaron una canci\u00f3n.<\/p>\n<p>&nbsp;<\/p>\n","protected":false},"excerpt":{"rendered":"<p>En la ma\u00f1ana del viernes se realizaron los actos por el D\u00eda del Maestro, al conmemorarse el 134\u00b0 aniversario del<\/p>\n","protected":false},"author":3,"featured_media":40885,"comment_status":"open","ping_status":"open","sticky":false,"template":"","format":"standard","meta":{"colormag_page_container_layout":"default_layout","colormag_page_sidebar_layout":"default_layout","footnotes":""},"categories":[1],"tags":[],"class_list":["post-40883","post","type-post","status-publish","format-standard","has-post-thumbnail","hentry","category-actualidad"],"_links":{"self":[{"href":"https:\/\/grupotiempodigital.com.ar\/index.php?rest_route=\/wp\/v2\/posts\/40883","targetHints":{"allow":["GET"]}}],"collection":[{"href":"https:\/\/grupotiempodigital.com.ar\/index.php?rest_route=\/wp\/v2\/posts"}],"about":[{"href":"https:\/\/grupotiempodigital.com.ar\/index.php?rest_route=\/wp\/v2\/types\/post"}],"author":[{"embeddable":true,"href":"https:\/\/grupotiempodigital.com.ar\/index.php?rest_route=\/wp\/v2\/users\/3"}],"replies":[{"embeddable":true,"href":"https:\/\/grupotiempodigital.com.ar\/index.php?rest_route=%2Fwp%2Fv2%2Fcomments&post=40883"}],"version-history":[{"count":2,"href":"https:\/\/grupotiempodigital.com.ar\/index.php?rest_route=\/wp\/v2\/posts\/40883\/revisions"}],"predecessor-version":[{"id":40886,"href":"https:\/\/grupotiempodigital.com.ar\/index.php?rest_route=\/wp\/v2\/posts\/40883\/revisions\/40886"}],"wp:featuredmedia":[{"embeddable":true,"href":"https:\/\/grupotiempodigital.com.ar\/index.php?rest_route=\/wp\/v2\/media\/40885"}],"wp:attachment":[{"href":"https:\/\/grupotiempodigital.com.ar\/index.php?rest_route=%2Fwp%2Fv2%2Fmedia&parent=40883"}],"wp:term":[{"taxonomy":"category","embeddable":true,"href":"https:\/\/grupotiempodigital.com.ar\/index.php?rest_route=%2Fwp%2Fv2%2Fcategories&post=40883"},{"taxonomy":"post_tag","embeddable":true,"href":"https:\/\/grupotiempodigital.com.ar\/index.php?rest_route=%2Fwp%2Fv2%2Ftags&post=40883"}],"curies":[{"name":"wp","href":"https:\/\/api.w.org\/{rel}","templated":true}]}}