{"id":40879,"date":"2022-09-12T08:24:43","date_gmt":"2022-09-12T11:24:43","guid":{"rendered":"https:\/\/grupotiempodigital.com.ar\/?p=40879"},"modified":"2022-09-12T08:25:51","modified_gmt":"2022-09-12T11:25:51","slug":"editorial-hoy-lo-sencillo-es-imposible","status":"publish","type":"post","link":"https:\/\/grupotiempodigital.com.ar\/?p=40879","title":{"rendered":"Editorial: Hoy lo sencillo es imposible"},"content":{"rendered":"<p>Por estas horas se est\u00e1n cumpliendo treinta a\u00f1os (ya!!) de un acontecimiento trascendente para la historia contempor\u00e1nea de este distrito. Una idea que fue creciendo en un grupo de vecinos debi\u00f3 ser postergada un a\u00f1o por celebrarse en 1991 elecciones que realizadas el 8 de setiembre de ese a\u00f1o, en la intendencia local a C\u00e9sar \u201cchecho\u201d Uribarri que a partir del 10 de diciembre reemplazar\u00eda a Juan C. Veramendi electo diputado provincial.<br \/>\nJusto ese a\u00f1o y en esos d\u00edas, se cumpl\u00edan 200 a\u00f1os del nacimiento del mas grande estratega militar que inscribe la historia argentina y que es quien justamente le da su nombre a este distrito: Jos\u00e9 Mar\u00eda Paz. La idea ya estaba instalada pero se decidi\u00f3 llevarla a la pr\u00e1ctica al a\u00f1o siguiente, en per\u00edodo no electoral evitando lo que suele complicar muchas cosas en la argentina.<br \/>\nAs\u00ed fue que llegado 1992, junto al flamante diputado provincial Arq. Fernando C\u00e1mara se puso en marcha la tarea de ubicar a los descendientes del \u201cmanco\u201d, en un trabajo que comenz\u00f3 bien desde cero porque no hab\u00eda contacto ni relaci\u00f3n con ninguno se de ellos. Encontrada la punta del ovillo, y aceptada con buen criterio por la familia del homenajeado, aqu\u00ed se realiz\u00f3 una convocatoria a vecinos con la idea de conformar una comisi\u00f3n que se abocara a la concreci\u00f3n de un programa a la idea original y con la dimensi\u00f3n que la figura del gran vencedor de Venta y Media merec\u00eda. Priv\u00f3, como no pod\u00eda ser de otra manera el concepto amplio de integrar a vecinos con afinidades pol\u00edticas diversas para vencer de entrada el fantasma de cualquier intenci\u00f3n sectorial o partidaria. El flamante intendente puesto en conocimiento del proyecto prest\u00f3 su apoyo total y de igual modo lo hizo el Concejo Deliberante por unanimidad. Vale recordar, que la comisi\u00f3n estuvo integrada (salvando el error al que seguramente nos conducir\u00e1 la memoria ya que no alcanzamos a encontrar un documento con la misma) por Nelly Mella, Juan O. L\u00f3pez Oleaga, Omar R. Amarante, Mar\u00eda C. Echarri, Raquel Radeglia, Carlos J. Santi, Magdalena C. Pesqueira, Alicia Tagliabue, Hilda Tinao, Juan C. Blanco, Perla Gatti, Alcira de Motschakow, Enrique E. Fodor y Ruben Martinez a quien se lo design\u00f3 algo as\u00ed como coordinador del grupo. Trabajaron inten-samente Graciela Gallo, Norma Santaluc\u00eda, Irma Iraola y se fueron sumando vecinos de manera ma-siva. El intendente municipal y el diputado C\u00e1mara ocuparon naturalmente el lugar de referentes y consulta de todo el programa. Y vale citar que el diputado Juan C. Veramendi, aclarando que lo hac\u00eda por encima del concepto personal que pudiera merecerle la trayectoria hist\u00f3rica de Paz, colabor\u00f3 en todos los aspectos que fueron necesarios. Hubo con el crecimiento del proyecto muchos colaboradores an\u00f3nimos que se fueron acercando. Y ya declarado de inter\u00e9s municipal, y con bisnietos, choznos y familiares po-l\u00edticos descendientes de Paz notificados, en septiembre del \u201992 se vivi\u00f3 un mes a pleno.<br \/>\nLas autoridades distritales de educaci\u00f3n aceptaron incluir en sus programas de estudios de nivel primario, un ciclo con el nombre de \u201cVida y Obra del general Jos\u00e9 M. Paz\u201d y en ese contexto este semanario entreg\u00f3 veinte res\u00famenes (en otras tantas ediciones) con lo mas trascendente de la vida del cordob\u00e9s. El semanario lleg\u00f3 entonces v\u00eda Consejo Escolar a to-das las escuelas del distrito que el 9 de setiembre de 1992 confluyeron en la escuela n\u00b0 14 de L. Verde que lleva el nombre del pr\u00f3cer en una jornada de maravillosa integraci\u00f3n y muestras de conocimiento de cada delegaci\u00f3n que rubric\u00f3 el profesor C\u00e1mara con una charla ilustrativa. Fue primordial el aporte de la inspectora distrital de primaria, la se\u00f1orita Blanca Castro.<br \/>\nEse fin de semana, el sal\u00f3n de actos de la escuela n\u00b0 1 result\u00f3 chico para la gente que se dio cita a compartir la conferencia del mayor historiador que ha dado C\u00f3rdoba (tomamos esta afirmaci\u00f3n del cantautor Carlos Di Fulvio) Efrain Bischof y luego la riqueza de la cena compartida con la familia Paz. Y una semana m\u00e1s tarde, en una noche regada por la llovizna el final de toda esa extensa programaci\u00f3n estuvo en la imposici\u00f3n del nombre \u201cJos\u00e9 Mar\u00eda Paz\u201d a la plazoleta de la rotonda de la Avda Garay y Villafa\u00f1e Casal.<br \/>\nEl cierre no pod\u00eda ser mejor. Gran festival folcl\u00f3rico en el gimnasio del CEF colmado con las mejores figuras del nivel local y otro \u00edcono cordob\u00e9s y nacional: Carlos Di Fulvio haciendo en vivo su Canto Monumento, obra dedicada a la memoria del General Paz.<br \/>\nEste periodista se sorprendi\u00f3 cuando se encontr\u00f3 con el cantante hace tres a\u00f1os en Cosqu\u00edn y en una conferencia de prensa le pregunt\u00f3 si recordaba aquella actuaci\u00f3n: El sorprendido pareci\u00f3 ser Di Fulvio que respondi\u00f3: \u201cComo no recordarlo. Fue la \u00fanica vez en mi larga trayectoria que hice en vivo sobre un escenario el Canto Monumento. Y adem\u00e1s tuve la gran dicha de conocer al mejor historiador cordob\u00e9s, Efrain Bischof\u201d.<br \/>\nAh\u00ed, 27 a\u00f1os despu\u00e9s apareci\u00f3 la dimensi\u00f3n del acontecimiento que anoche fue recordado en la TV local con el intendente (m.c) C\u00e9sar Uribarri y hasta una comunicaci\u00f3n con el diputado (m.c.) C\u00e1mara.<br \/>\nVale, a nuestro criterio, recordar aquello, pero vale tambi\u00e9n volver a una frase del primer tramo de esta columna: Priv\u00f3, como no pod\u00eda ser de otra manera el concepto amplio de integrar a vecinos con afinidades pol\u00edticas diversas para vencer de entrada el fantasma de cualquier intenci\u00f3n sectorial o partidaria.<br \/>\nAlgo tan simple y de m\u00ednimo sentido com\u00fan y que sin embargo ya es imposible de lograr en la argentina de hoy inmersa en la mayor mediocridad dirigencial que registra la misma en toda la historia de la Rep\u00fablica. El ejemplo de lo logrado hace treinta a\u00f1os debiera ser suficiente para repensar esta realidad.<\/p>\n<p>&nbsp;<\/p>\n<p>(Editorial publicada en el Semanario TIEMPO de Ranchos del d\u00eda 09 de Septiembre de 2022)<\/p>\n","protected":false},"excerpt":{"rendered":"<p>Por estas horas se est\u00e1n cumpliendo treinta a\u00f1os (ya!!) de un acontecimiento trascendente para la historia contempor\u00e1nea de este distrito.<\/p>\n","protected":false},"author":3,"featured_media":17784,"comment_status":"open","ping_status":"open","sticky":false,"template":"","format":"standard","meta":{"colormag_page_container_layout":"default_layout","colormag_page_sidebar_layout":"default_layout","footnotes":""},"categories":[1],"tags":[],"class_list":["post-40879","post","type-post","status-publish","format-standard","has-post-thumbnail","hentry","category-actualidad"],"_links":{"self":[{"href":"https:\/\/grupotiempodigital.com.ar\/index.php?rest_route=\/wp\/v2\/posts\/40879","targetHints":{"allow":["GET"]}}],"collection":[{"href":"https:\/\/grupotiempodigital.com.ar\/index.php?rest_route=\/wp\/v2\/posts"}],"about":[{"href":"https:\/\/grupotiempodigital.com.ar\/index.php?rest_route=\/wp\/v2\/types\/post"}],"author":[{"embeddable":true,"href":"https:\/\/grupotiempodigital.com.ar\/index.php?rest_route=\/wp\/v2\/users\/3"}],"replies":[{"embeddable":true,"href":"https:\/\/grupotiempodigital.com.ar\/index.php?rest_route=%2Fwp%2Fv2%2Fcomments&post=40879"}],"version-history":[{"count":3,"href":"https:\/\/grupotiempodigital.com.ar\/index.php?rest_route=\/wp\/v2\/posts\/40879\/revisions"}],"predecessor-version":[{"id":40882,"href":"https:\/\/grupotiempodigital.com.ar\/index.php?rest_route=\/wp\/v2\/posts\/40879\/revisions\/40882"}],"wp:featuredmedia":[{"embeddable":true,"href":"https:\/\/grupotiempodigital.com.ar\/index.php?rest_route=\/wp\/v2\/media\/17784"}],"wp:attachment":[{"href":"https:\/\/grupotiempodigital.com.ar\/index.php?rest_route=%2Fwp%2Fv2%2Fmedia&parent=40879"}],"wp:term":[{"taxonomy":"category","embeddable":true,"href":"https:\/\/grupotiempodigital.com.ar\/index.php?rest_route=%2Fwp%2Fv2%2Fcategories&post=40879"},{"taxonomy":"post_tag","embeddable":true,"href":"https:\/\/grupotiempodigital.com.ar\/index.php?rest_route=%2Fwp%2Fv2%2Ftags&post=40879"}],"curies":[{"name":"wp","href":"https:\/\/api.w.org\/{rel}","templated":true}]}}