{"id":40819,"date":"2022-09-06T11:57:11","date_gmt":"2022-09-06T14:57:11","guid":{"rendered":"https:\/\/grupotiempodigital.com.ar\/?p=40819"},"modified":"2022-09-06T11:58:45","modified_gmt":"2022-09-06T14:58:45","slug":"bomberos-voluntarios-gral-paz-convocatoria-a-asamblea-anual-ordinaria-2022","status":"publish","type":"post","link":"https:\/\/grupotiempodigital.com.ar\/?p=40819","title":{"rendered":"Bomberos Voluntarios Gral. Paz: Convocatoria a Asamblea Anual Ordinaria 2022"},"content":{"rendered":"<p style=\"text-align: left;\"><strong>Per\u00edodo: 01 de Julio de 2021 &#8211; 30 de Junio 2022<\/strong><br \/>\nLa Sociedad de Bomberos Voluntarios de General Paz, de acuerdo a lo establecido en el Estatuto Social y sus reformas, convoca a los se\u00f1ores Asociados a la Asamblea Anual Ordinaria, a realizarse el d\u00eda 5 de Octubre de 2022 a las 19 Hs., en su sede de calle San Mart\u00edn N\u00ba 3064 de Ranchos, a fin de dar tratamiento al siguiente<\/p>\n<p style=\"text-align: center;\"><strong>Orden del d\u00eda:<\/strong><\/p>\n<p style=\"text-align: left;\">1- Lectura y Consideraci\u00f3n del Acta de la Asamblea anterior.<br \/>\n2- Designaci\u00f3n de 2 (dos) socios para firmar el Acta de la Asamblea.<br \/>\n3- Consideraci\u00f3n de la Memoria y Balance General, Inventario, Cuadro de Gastos y Recursos del Informe de la Comisi\u00f3n Revisora de Cuentas, correspondiente al ejercicio finalizado el 30 de Junio de 2022.<br \/>\nLa Asamblea se iniciar\u00e1 a la hora estipulada siempre que se encuentre la mitad m\u00e1s uno de los socios, caso contrario comenzar\u00e1 una hora despu\u00e9s, con los socios presentes, siempre que el n\u00famero no sea inferior al total de los miembros titulares de la Comisi\u00f3n Directiva.<\/p>\n<p style=\"text-align: right;\">\n<strong><em>\u00a0Debora E. Laborda\u00a0 &#8211; Secretaria<br \/>\n<\/em><\/strong><\/p>\n<p style=\"text-align: right;\"><strong><em>\u00a0Dora M. Mauregui &#8211; Presidente<\/em><\/strong><strong><em><br \/>\n<\/em><\/strong><\/p>\n","protected":false},"excerpt":{"rendered":"<p>Per\u00edodo: 01 de Julio de 2021 &#8211; 30 de Junio 2022 La Sociedad de Bomberos Voluntarios de General Paz, de<\/p>\n","protected":false},"author":3,"featured_media":24972,"comment_status":"open","ping_status":"open","sticky":false,"template":"","format":"standard","meta":{"colormag_page_container_layout":"default_layout","colormag_page_sidebar_layout":"default_layout","footnotes":""},"categories":[1],"tags":[],"class_list":["post-40819","post","type-post","status-publish","format-standard","has-post-thumbnail","hentry","category-actualidad"],"_links":{"self":[{"href":"https:\/\/grupotiempodigital.com.ar\/index.php?rest_route=\/wp\/v2\/posts\/40819","targetHints":{"allow":["GET"]}}],"collection":[{"href":"https:\/\/grupotiempodigital.com.ar\/index.php?rest_route=\/wp\/v2\/posts"}],"about":[{"href":"https:\/\/grupotiempodigital.com.ar\/index.php?rest_route=\/wp\/v2\/types\/post"}],"author":[{"embeddable":true,"href":"https:\/\/grupotiempodigital.com.ar\/index.php?rest_route=\/wp\/v2\/users\/3"}],"replies":[{"embeddable":true,"href":"https:\/\/grupotiempodigital.com.ar\/index.php?rest_route=%2Fwp%2Fv2%2Fcomments&post=40819"}],"version-history":[{"count":3,"href":"https:\/\/grupotiempodigital.com.ar\/index.php?rest_route=\/wp\/v2\/posts\/40819\/revisions"}],"predecessor-version":[{"id":40822,"href":"https:\/\/grupotiempodigital.com.ar\/index.php?rest_route=\/wp\/v2\/posts\/40819\/revisions\/40822"}],"wp:featuredmedia":[{"embeddable":true,"href":"https:\/\/grupotiempodigital.com.ar\/index.php?rest_route=\/wp\/v2\/media\/24972"}],"wp:attachment":[{"href":"https:\/\/grupotiempodigital.com.ar\/index.php?rest_route=%2Fwp%2Fv2%2Fmedia&parent=40819"}],"wp:term":[{"taxonomy":"category","embeddable":true,"href":"https:\/\/grupotiempodigital.com.ar\/index.php?rest_route=%2Fwp%2Fv2%2Fcategories&post=40819"},{"taxonomy":"post_tag","embeddable":true,"href":"https:\/\/grupotiempodigital.com.ar\/index.php?rest_route=%2Fwp%2Fv2%2Ftags&post=40819"}],"curies":[{"name":"wp","href":"https:\/\/api.w.org\/{rel}","templated":true}]}}