{"id":40814,"date":"2022-09-06T11:49:47","date_gmt":"2022-09-06T14:49:47","guid":{"rendered":"https:\/\/grupotiempodigital.com.ar\/?p=40814"},"modified":"2022-09-06T13:07:51","modified_gmt":"2022-09-06T16:07:51","slug":"patrica-barroso-y-la-gran-pena-del-andariego","status":"publish","type":"post","link":"https:\/\/grupotiempodigital.com.ar\/?p=40814","title":{"rendered":"Patricia Barroso y la gran Pe\u00f1a del Andariego"},"content":{"rendered":"<p>El proximo domingo 11 en La Esquina del Andariego de Loma Verde se realizara una gran pe\u00f1a que contara con la presentaci\u00f3n estelar de La Chacarerata Santiague\u00f1a. Por eso este martes en las radios de TIEMPO, Libres del Sur FM 90.1 Mhz de Chascom\u00fas, en Ranchos La Palabra FM 90.7 Mhz y LV FM 90.1 Mhz de Loma Verde, dialogamos con la propietaria del Andariego Patricia Barroso para conocer detalles de la pe\u00f1a.<\/p>\n<p>Escuchar entrevista completa<br \/>\n<iframe loading=\"lazy\" src=\"https:\/\/drive.google.com\/file\/d\/1ysmFPSpejxpOoLYfQQq3NyDdVz_z43tn\/preview\" width=\"640\" height=\"80\" allow=\"autoplay\"><\/iframe><\/p>\n","protected":false},"excerpt":{"rendered":"<p>El proximo domingo 11 en La Esquina del Andariego de Loma Verde se realizara una gran pe\u00f1a que contara con<\/p>\n","protected":false},"author":3,"featured_media":40816,"comment_status":"open","ping_status":"open","sticky":false,"template":"","format":"standard","meta":{"colormag_page_container_layout":"default_layout","colormag_page_sidebar_layout":"default_layout","footnotes":""},"categories":[1,38,43],"tags":[],"class_list":["post-40814","post","type-post","status-publish","format-standard","has-post-thumbnail","hentry","category-actualidad","category-destacadas","category-notas-con-audio"],"_links":{"self":[{"href":"https:\/\/grupotiempodigital.com.ar\/index.php?rest_route=\/wp\/v2\/posts\/40814","targetHints":{"allow":["GET"]}}],"collection":[{"href":"https:\/\/grupotiempodigital.com.ar\/index.php?rest_route=\/wp\/v2\/posts"}],"about":[{"href":"https:\/\/grupotiempodigital.com.ar\/index.php?rest_route=\/wp\/v2\/types\/post"}],"author":[{"embeddable":true,"href":"https:\/\/grupotiempodigital.com.ar\/index.php?rest_route=\/wp\/v2\/users\/3"}],"replies":[{"embeddable":true,"href":"https:\/\/grupotiempodigital.com.ar\/index.php?rest_route=%2Fwp%2Fv2%2Fcomments&post=40814"}],"version-history":[{"count":3,"href":"https:\/\/grupotiempodigital.com.ar\/index.php?rest_route=\/wp\/v2\/posts\/40814\/revisions"}],"predecessor-version":[{"id":40832,"href":"https:\/\/grupotiempodigital.com.ar\/index.php?rest_route=\/wp\/v2\/posts\/40814\/revisions\/40832"}],"wp:featuredmedia":[{"embeddable":true,"href":"https:\/\/grupotiempodigital.com.ar\/index.php?rest_route=\/wp\/v2\/media\/40816"}],"wp:attachment":[{"href":"https:\/\/grupotiempodigital.com.ar\/index.php?rest_route=%2Fwp%2Fv2%2Fmedia&parent=40814"}],"wp:term":[{"taxonomy":"category","embeddable":true,"href":"https:\/\/grupotiempodigital.com.ar\/index.php?rest_route=%2Fwp%2Fv2%2Fcategories&post=40814"},{"taxonomy":"post_tag","embeddable":true,"href":"https:\/\/grupotiempodigital.com.ar\/index.php?rest_route=%2Fwp%2Fv2%2Ftags&post=40814"}],"curies":[{"name":"wp","href":"https:\/\/api.w.org\/{rel}","templated":true}]}}