{"id":40806,"date":"2022-09-05T19:55:38","date_gmt":"2022-09-05T22:55:38","guid":{"rendered":"https:\/\/grupotiempodigital.com.ar\/?p=40806"},"modified":"2022-09-05T19:55:38","modified_gmt":"2022-09-05T22:55:38","slug":"licitacion-para-la-mejora-de-caminos-rurales","status":"publish","type":"post","link":"https:\/\/grupotiempodigital.com.ar\/?p=40806","title":{"rendered":"LICITACI\u00d3N PARA LA MEJORA DE CAMINOS RURALES"},"content":{"rendered":"<p>Esta ma\u00f1ana, en la Direcci\u00f3n de Vialidad de la Provincia de Buenos Aires, el Intendente Municipal Juan Manuel Alvarez particip\u00f3 del acto de licitaci\u00f3n encabezado por el Administrador General del \u00e1rea, Hern\u00e1n Yzurieta, para las tareas de mejora de caminos rurales en diferentes puntos del distrito.<br \/>\nSe trata de m\u00e1s de 28 km., distribu\u00eddos en los siguientes caminos: el trayecto que une las localidades de Ranchos y Villanueva, los accesos a Ranchos desde la Ruta Provincial 29 al cementerio y a la Av. Garay y la conexi\u00f3n entre esta \u00faltima Avenida y la Laguna de Ranchos.<br \/>\nAl igual que el ya finalizado Camino a Monte y el que actualmente se encuentra en ejecuci\u00f3n que conduce a la Estancia Negrete, las tareas incorporan la impermeabilizaci\u00f3n y el estabilizado con aditivos i\u00f3nicos que permiten fortalecer la transitabilidad de corredores productivos caracterizados por el tr\u00e1nsito pesado. En total, con la obra licitada hoy, las mejoras realizadas en el \u00faltimo a\u00f1o en caminos rurales -finalizadas y en ejecuci\u00f3n (estabilizado, empedrado y entoscado) &#8211; superar\u00e1n los 80 km.<br \/>\nUna vez terminado el acto de apertura de sobres, el Jefe Comunal, acompa\u00f1ado por la Secretaria de Producci\u00f3n y Ambiente, Paula Barrera, el Delegado Municipal en Villanueva, Guillermo Coronel, el Secretario de Servicios P\u00fablicos, Adri\u00e1n Gim\u00e9nez y la Concejala en representaci\u00f3n de dicha localidad, Natalia Jaimerena, mantuvieron un encuentro privado con el Administrador Yzurieta, en el que evaluaron el avance de la obra de repavimentaci\u00f3n y ensanche de la Ruta Provincial 29, que evoluciona a buen ritmo y las diferentes necesidades del distrito para continuar creciendo en materia de vialidad.<\/p>\n<p>&nbsp;<\/p>\n<div id='gallery-1' class='gallery galleryid-40806 gallery-columns-2 gallery-size-full'><figure class='gallery-item'>\n\t\t\t<div class='gallery-icon landscape'>\n\t\t\t\t<a href='https:\/\/grupotiempodigital.com.ar\/?attachment_id=40812'><img loading=\"lazy\" decoding=\"async\" width=\"1280\" height=\"853\" src=\"https:\/\/grupotiempodigital.com.ar\/wp-content\/uploads\/2022\/09\/Licitacion0509_4.jpeg\" class=\"attachment-full size-full\" alt=\"\" srcset=\"https:\/\/grupotiempodigital.com.ar\/wp-content\/uploads\/2022\/09\/Licitacion0509_4.jpeg 1280w, https:\/\/grupotiempodigital.com.ar\/wp-content\/uploads\/2022\/09\/Licitacion0509_4-300x200.jpeg 300w, https:\/\/grupotiempodigital.com.ar\/wp-content\/uploads\/2022\/09\/Licitacion0509_4-1024x682.jpeg 1024w, https:\/\/grupotiempodigital.com.ar\/wp-content\/uploads\/2022\/09\/Licitacion0509_4-768x512.jpeg 768w\" sizes=\"auto, (max-width: 1280px) 100vw, 1280px\" \/><\/a>\n\t\t\t<\/div><\/figure><figure class='gallery-item'>\n\t\t\t<div class='gallery-icon landscape'>\n\t\t\t\t<a href='https:\/\/grupotiempodigital.com.ar\/?attachment_id=40811'><img loading=\"lazy\" decoding=\"async\" width=\"1280\" height=\"853\" src=\"https:\/\/grupotiempodigital.com.ar\/wp-content\/uploads\/2022\/09\/Licitacion0509_2.jpeg\" class=\"attachment-full size-full\" alt=\"\" srcset=\"https:\/\/grupotiempodigital.com.ar\/wp-content\/uploads\/2022\/09\/Licitacion0509_2.jpeg 1280w, https:\/\/grupotiempodigital.com.ar\/wp-content\/uploads\/2022\/09\/Licitacion0509_2-300x200.jpeg 300w, https:\/\/grupotiempodigital.com.ar\/wp-content\/uploads\/2022\/09\/Licitacion0509_2-1024x682.jpeg 1024w, https:\/\/grupotiempodigital.com.ar\/wp-content\/uploads\/2022\/09\/Licitacion0509_2-768x512.jpeg 768w\" sizes=\"auto, (max-width: 1280px) 100vw, 1280px\" \/><\/a>\n\t\t\t<\/div><\/figure><figure class='gallery-item'>\n\t\t\t<div class='gallery-icon landscape'>\n\t\t\t\t<a href='https:\/\/grupotiempodigital.com.ar\/?attachment_id=40810'><img loading=\"lazy\" decoding=\"async\" width=\"1280\" height=\"720\" src=\"https:\/\/grupotiempodigital.com.ar\/wp-content\/uploads\/2022\/09\/Licitacion0509_1.jpeg\" class=\"attachment-full size-full\" alt=\"\" srcset=\"https:\/\/grupotiempodigital.com.ar\/wp-content\/uploads\/2022\/09\/Licitacion0509_1.jpeg 1280w, https:\/\/grupotiempodigital.com.ar\/wp-content\/uploads\/2022\/09\/Licitacion0509_1-300x169.jpeg 300w, https:\/\/grupotiempodigital.com.ar\/wp-content\/uploads\/2022\/09\/Licitacion0509_1-1024x576.jpeg 1024w, https:\/\/grupotiempodigital.com.ar\/wp-content\/uploads\/2022\/09\/Licitacion0509_1-768x432.jpeg 768w, https:\/\/grupotiempodigital.com.ar\/wp-content\/uploads\/2022\/09\/Licitacion0509_1-1140x641.jpeg 1140w, https:\/\/grupotiempodigital.com.ar\/wp-content\/uploads\/2022\/09\/Licitacion0509_1-720x405.jpeg 720w\" sizes=\"auto, (max-width: 1280px) 100vw, 1280px\" \/><\/a>\n\t\t\t<\/div><\/figure><figure class='gallery-item'>\n\t\t\t<div class='gallery-icon landscape'>\n\t\t\t\t<a href='https:\/\/grupotiempodigital.com.ar\/?attachment_id=40809'><img loading=\"lazy\" decoding=\"async\" width=\"1280\" height=\"720\" src=\"https:\/\/grupotiempodigital.com.ar\/wp-content\/uploads\/2022\/09\/Licitacion0509_3.jpeg\" class=\"attachment-full size-full\" alt=\"\" srcset=\"https:\/\/grupotiempodigital.com.ar\/wp-content\/uploads\/2022\/09\/Licitacion0509_3.jpeg 1280w, https:\/\/grupotiempodigital.com.ar\/wp-content\/uploads\/2022\/09\/Licitacion0509_3-300x169.jpeg 300w, https:\/\/grupotiempodigital.com.ar\/wp-content\/uploads\/2022\/09\/Licitacion0509_3-1024x576.jpeg 1024w, https:\/\/grupotiempodigital.com.ar\/wp-content\/uploads\/2022\/09\/Licitacion0509_3-768x432.jpeg 768w, https:\/\/grupotiempodigital.com.ar\/wp-content\/uploads\/2022\/09\/Licitacion0509_3-1140x641.jpeg 1140w, https:\/\/grupotiempodigital.com.ar\/wp-content\/uploads\/2022\/09\/Licitacion0509_3-720x405.jpeg 720w\" sizes=\"auto, (max-width: 1280px) 100vw, 1280px\" \/><\/a>\n\t\t\t<\/div><\/figure><figure class='gallery-item'>\n\t\t\t<div class='gallery-icon landscape'>\n\t\t\t\t<a href='https:\/\/grupotiempodigital.com.ar\/?attachment_id=40808'><img loading=\"lazy\" decoding=\"async\" width=\"1280\" height=\"720\" src=\"https:\/\/grupotiempodigital.com.ar\/wp-content\/uploads\/2022\/09\/Licitacion0509_5.jpeg\" class=\"attachment-full size-full\" alt=\"\" srcset=\"https:\/\/grupotiempodigital.com.ar\/wp-content\/uploads\/2022\/09\/Licitacion0509_5.jpeg 1280w, https:\/\/grupotiempodigital.com.ar\/wp-content\/uploads\/2022\/09\/Licitacion0509_5-300x169.jpeg 300w, https:\/\/grupotiempodigital.com.ar\/wp-content\/uploads\/2022\/09\/Licitacion0509_5-1024x576.jpeg 1024w, https:\/\/grupotiempodigital.com.ar\/wp-content\/uploads\/2022\/09\/Licitacion0509_5-768x432.jpeg 768w, https:\/\/grupotiempodigital.com.ar\/wp-content\/uploads\/2022\/09\/Licitacion0509_5-1140x641.jpeg 1140w, https:\/\/grupotiempodigital.com.ar\/wp-content\/uploads\/2022\/09\/Licitacion0509_5-720x405.jpeg 720w\" sizes=\"auto, (max-width: 1280px) 100vw, 1280px\" \/><\/a>\n\t\t\t<\/div><\/figure>\n\t\t<\/div>\n\n","protected":false},"excerpt":{"rendered":"<p>Esta ma\u00f1ana, en la Direcci\u00f3n de Vialidad de la Provincia de Buenos Aires, el Intendente Municipal Juan Manuel Alvarez particip\u00f3<\/p>\n","protected":false},"author":3,"featured_media":40811,"comment_status":"open","ping_status":"open","sticky":false,"template":"","format":"standard","meta":{"colormag_page_container_layout":"default_layout","colormag_page_sidebar_layout":"default_layout","footnotes":""},"categories":[1,38],"tags":[],"class_list":["post-40806","post","type-post","status-publish","format-standard","has-post-thumbnail","hentry","category-actualidad","category-destacadas"],"_links":{"self":[{"href":"https:\/\/grupotiempodigital.com.ar\/index.php?rest_route=\/wp\/v2\/posts\/40806","targetHints":{"allow":["GET"]}}],"collection":[{"href":"https:\/\/grupotiempodigital.com.ar\/index.php?rest_route=\/wp\/v2\/posts"}],"about":[{"href":"https:\/\/grupotiempodigital.com.ar\/index.php?rest_route=\/wp\/v2\/types\/post"}],"author":[{"embeddable":true,"href":"https:\/\/grupotiempodigital.com.ar\/index.php?rest_route=\/wp\/v2\/users\/3"}],"replies":[{"embeddable":true,"href":"https:\/\/grupotiempodigital.com.ar\/index.php?rest_route=%2Fwp%2Fv2%2Fcomments&post=40806"}],"version-history":[{"count":2,"href":"https:\/\/grupotiempodigital.com.ar\/index.php?rest_route=\/wp\/v2\/posts\/40806\/revisions"}],"predecessor-version":[{"id":40813,"href":"https:\/\/grupotiempodigital.com.ar\/index.php?rest_route=\/wp\/v2\/posts\/40806\/revisions\/40813"}],"wp:featuredmedia":[{"embeddable":true,"href":"https:\/\/grupotiempodigital.com.ar\/index.php?rest_route=\/wp\/v2\/media\/40811"}],"wp:attachment":[{"href":"https:\/\/grupotiempodigital.com.ar\/index.php?rest_route=%2Fwp%2Fv2%2Fmedia&parent=40806"}],"wp:term":[{"taxonomy":"category","embeddable":true,"href":"https:\/\/grupotiempodigital.com.ar\/index.php?rest_route=%2Fwp%2Fv2%2Fcategories&post=40806"},{"taxonomy":"post_tag","embeddable":true,"href":"https:\/\/grupotiempodigital.com.ar\/index.php?rest_route=%2Fwp%2Fv2%2Ftags&post=40806"}],"curies":[{"name":"wp","href":"https:\/\/api.w.org\/{rel}","templated":true}]}}