{"id":40794,"date":"2022-09-05T08:01:42","date_gmt":"2022-09-05T11:01:42","guid":{"rendered":"https:\/\/grupotiempodigital.com.ar\/?p=40794"},"modified":"2022-09-05T08:02:53","modified_gmt":"2022-09-05T11:02:53","slug":"editorial-gobernar-o-militar","status":"publish","type":"post","link":"https:\/\/grupotiempodigital.com.ar\/?p=40794","title":{"rendered":"Editorial: Gobernar o militar"},"content":{"rendered":"<p>La argentina suele marchar a contramano de lo que imponen las circunstancias y los mejores consejos en aspectos relevantes y trascendentes para la vida de sus habitantes. Un ejemplo de ello se refleja en el valor que la dirigencia le otorga hoy a las ideolog\u00edas, casi como un Don supremo y ubic\u00e1ndolas por encima del sentido com\u00fan, de los valores universales, de las buenas acciones y gestiones y hasta del ser humano como tal. Mientras como si fuera un disvalor, el mism\u00edsimo presidente de la naci\u00f3n se burla de quienes creemos en el m\u00e9rito como una herramienta que legitima alcanzar destacados objetivos, a la vez por cuestiones ideol\u00f3gicas poco menos que se mata y se muere\u2026..bah, en realidad se llega a matar y morir por ellas.<br \/>\nHace mucho que los pa\u00edses que han logrado crecer en beneficio de sus pueblos, mantienen matices claros y prioridades de agendas seg\u00fan quienes gobiernen y atento a las pertenencias partidarias y en consecuencia a posturas ideol\u00f3gicas. Pero nunca la ideolog\u00eda es el patr\u00f3n mayor. Vaya usted a desconocer a las Fuerzas del orden o un fallo de la justicia en EEUU, Ale-mania, Francia o Gran Breta\u00f1a, gobiernen los Dem\u00f3cratas o Republicanos. Liberales o Conservadores.<br \/>\nY si quiere verlo mas cerca, intente algo similar en Uruguay, con \u201cpepe\u201d Mujica o con Lacalle Pou.<br \/>\nEl resultado siempre ser\u00e1 el mismo. Esos valores y principios consagrados no se mezclan ni se minimizan por excusas tan nimias como \u201cderechas\u201d o \u201cizquierdas\u201d que ya resultan t\u00e9rminos m\u00e1s aplicables a un jugador de f\u00fatbol o tenis que a un gobierno.<br \/>\nEn la argentina en cambio, avanzamos raudamente al pasado. Ya hemos logrado retroceder hasta volver a poner en duda el estado de derecho que es la verdad con may\u00fasculas que recuperamos en 1983 y que representa en si mismo una definici\u00f3n mas amplia que la propia democracia.<br \/>\nEsta argentina desbordada de problemas, con una poblaci\u00f3n al borde de la esquizofrenia y en estado de angustia creciente, muestra una agenda de su dirigencia ya inaceptable. La vicepresidente de la naci\u00f3n (en ejercicio del poder) acaba de plantear sin sonrojarse debatir la au-tonom\u00eda de la ciudad de Buenos Aires. Ha afirmado en el propio senado que preside que \u201ctotal la constituci\u00f3n no dice nada de autonom\u00eda y esta es la ciudad de todos los argentinos\u201d. Ha sido la Dra. Fern\u00e1ndez constituyente en 1994 y ha votado el art\u00edculo 129 de la carta Magna que dice textualmente: \u201c129. &#8211; La ciudad de Buenos Aires tendr\u00e1 un r\u00e9gimen de gobierno aut\u00f3nomo, con facultades propias de legislaci\u00f3n y jurisdicci\u00f3n, y su jefe de gobierno ser\u00e1 elegido directamente por el pueblo de la ciudad. Una ley garantizar\u00e1 los intereses del Estado nacional, mientras la ciudad de Buenos Aires sea capital de la Naci\u00f3n.\u201d Pero adem\u00e1s de su condici\u00f3n de constituyente estamos ante la figura de mayor mandato al frente de la Rep\u00fablica y actual presidente del senado.<br \/>\n\u00bfPuede desconocer esto?. No. Absolutamente No.<br \/>\nPero en el armado \u201cpol\u00edtico\u201d hay excusas ideol\u00f3gicas que justifican este y mil disparates mas afirmados como verdades absolutas.<br \/>\nDesde otras posiciones, por inercia, incapacidad o empujados por la mirada cortita, tampoco se privan de algunas posturas parecidas, para conjugar un pa\u00eds de irracionales.<br \/>\nAhora bien: \u00bfDebe esto significar que todos los qu\u00e9 pertenecen a un espacio determinado y ligados por las banderas del mismo al resto de sus \u201ccompa\u00f1eros\u201d, \u201ccamaradas\u201d, \u201ccorreligionarios\u201d o como se llamen, act\u00faen y razonen de la misma forma?.<br \/>\nNo. Rotundamente No.<br \/>\nEs absolutamente caprichoso \u201cmeter a todos en la misma bolsa\u201d. Forma parte de nuestras disparatadas verdades actuales hablar de \u201clos peronistas\u201d, \u201clos radicales\u201d, \u201clos Pro\u201d y el resto del mapa nacional como colectivos que marchan a un \u00fanico destino y llevan id\u00e9nticos pasajeros.<br \/>\nHay excelentes gestiones del espacio Frente de Todos con discretas y hasta muy cuestionables oposiciones. Y de esos mismos espacios opositores, a pocos kil\u00f3metros de distancia hay excelentes gestiones municipales, con opositores del F. de Todos lamentables.<br \/>\nTodo pasa por si se atienden las necesidades, urgencias y progreso de sus comunidades, o si se dedican a armar marchas en favor o en contra del fiscal Luciani.<br \/>\nEl variopinto partidario que presentan los municipios de la regi\u00f3n habla por si solo. Los vecinos de cada pueblo, que saben de sus dirigentes locales saben valorar sus capacidades por encima de sus pertenencias partidarias. Aunque es absolutamente previsible, que los grandes dirigentes que pueblan diariamente los grandes medios y que dif\u00edcilmente le hagan ganar una elecci\u00f3n municipal a un resistido por sus vecinos, si tienen a capacidad de da\u00f1o para acabar haciendo perder a un buen gobernante, por el solo hecho de arrastrarlo a sus superficies y hasta regalarles alg\u00fan conocido abrazo de oso.<br \/>\nSer\u00e1 determinante en este sentido, que los dirigentes que d\u00eda a d\u00eda caminan las mismas calles y dialogan con la misma gente, sepan separar bien la paja del trigo y llegado el momento se sometan a la voluntad de sus conocidos vecinos, por lo que han hecho, lo que son, y lo que se vislumbra que pueden hacer. En cambio, si en el momento de las urnas, se mimetizan con los cantos de sirena de sus l\u00edderes y procuran que esa voluntad ciudadana, en lugar de ir a sus alforjas, se traspase a sus \u201cmentores ideol\u00f3gicos\u201d pueden terminar con derrotas \u201cque no logran explicarse\u201d.<br \/>\nNo estamos adivinando nada. Ni presumimos de visionarios. En la historia reciente, todos encontrar\u00e1n ejemplos para ilustrar esta columna.<\/p>\n<p>(Editorial publicada en la edici\u00f3n del semanrio TIEMPO de Ranchos del 02 de Septiembre de 2022)<\/p>\n","protected":false},"excerpt":{"rendered":"<p>La argentina suele marchar a contramano de lo que imponen las circunstancias y los mejores consejos en aspectos relevantes y<\/p>\n","protected":false},"author":3,"featured_media":17784,"comment_status":"open","ping_status":"open","sticky":false,"template":"","format":"standard","meta":{"colormag_page_container_layout":"default_layout","colormag_page_sidebar_layout":"default_layout","footnotes":""},"categories":[1],"tags":[],"class_list":["post-40794","post","type-post","status-publish","format-standard","has-post-thumbnail","hentry","category-actualidad"],"_links":{"self":[{"href":"https:\/\/grupotiempodigital.com.ar\/index.php?rest_route=\/wp\/v2\/posts\/40794","targetHints":{"allow":["GET"]}}],"collection":[{"href":"https:\/\/grupotiempodigital.com.ar\/index.php?rest_route=\/wp\/v2\/posts"}],"about":[{"href":"https:\/\/grupotiempodigital.com.ar\/index.php?rest_route=\/wp\/v2\/types\/post"}],"author":[{"embeddable":true,"href":"https:\/\/grupotiempodigital.com.ar\/index.php?rest_route=\/wp\/v2\/users\/3"}],"replies":[{"embeddable":true,"href":"https:\/\/grupotiempodigital.com.ar\/index.php?rest_route=%2Fwp%2Fv2%2Fcomments&post=40794"}],"version-history":[{"count":3,"href":"https:\/\/grupotiempodigital.com.ar\/index.php?rest_route=\/wp\/v2\/posts\/40794\/revisions"}],"predecessor-version":[{"id":40797,"href":"https:\/\/grupotiempodigital.com.ar\/index.php?rest_route=\/wp\/v2\/posts\/40794\/revisions\/40797"}],"wp:featuredmedia":[{"embeddable":true,"href":"https:\/\/grupotiempodigital.com.ar\/index.php?rest_route=\/wp\/v2\/media\/17784"}],"wp:attachment":[{"href":"https:\/\/grupotiempodigital.com.ar\/index.php?rest_route=%2Fwp%2Fv2%2Fmedia&parent=40794"}],"wp:term":[{"taxonomy":"category","embeddable":true,"href":"https:\/\/grupotiempodigital.com.ar\/index.php?rest_route=%2Fwp%2Fv2%2Fcategories&post=40794"},{"taxonomy":"post_tag","embeddable":true,"href":"https:\/\/grupotiempodigital.com.ar\/index.php?rest_route=%2Fwp%2Fv2%2Ftags&post=40794"}],"curies":[{"name":"wp","href":"https:\/\/api.w.org\/{rel}","templated":true}]}}