{"id":40771,"date":"2022-09-02T08:27:41","date_gmt":"2022-09-02T11:27:41","guid":{"rendered":"https:\/\/grupotiempodigital.com.ar\/?p=40771"},"modified":"2022-09-02T08:29:22","modified_gmt":"2022-09-02T11:29:22","slug":"municipalidad-de-general-paz-comunicados","status":"publish","type":"post","link":"https:\/\/grupotiempodigital.com.ar\/?p=40771","title":{"rendered":"Municipalidad de General Paz: COMUNICADOS"},"content":{"rendered":"<div class=\"k88nbmki alzwoclg cqf1kptm adechonz siu44isn gv6qu0l5\" role=\"none\">\n<div class=\"alzwoclg mfclru0v\" role=\"none\">\n<div class=\"alzwoclg cqf1kptm gvxzyvdx om3e55n1 gldv74r8\">\n<div class=\"alzwoclg mfclru0v\" role=\"none\">\n<div class=\"q46jt4gp aesu6q9g r5g9zsuq e4ay1f3w om3e55n1 lq84ybu9 hf30pyar rt34pxt2 jao8r537 pdqhzjwd dtqh1a21 l4uc2m3f t7p7dqev qsbzbi57 subw1o1z b0ur3jhr\" role=\"none\" data-testid=\"solid-message-bubble\">\n<div class=\"bdao358l om3e55n1 g4tp4svg __fb-light-mode\" role=\"none\">\n<h3 class=\"ztn2w49o n3t5jt4f k1z55t6l ne6e0wym qsbzbi57\" dir=\"auto\" style=\"text-align: center;\" role=\"none\"><strong>OFICINAS MUNICIPALES<\/strong><\/h3>\n<div class=\"ztn2w49o n3t5jt4f k1z55t6l ne6e0wym qsbzbi57\" dir=\"auto\" role=\"none\"><strong>En virtud de los hechos de profunda gravedad institucional para el pa\u00eds ocurridos esta noche, el Presidente de la Naci\u00f3n decreto feriado nacional para el d\u00eda viernes 2 de septiembre. <\/strong><\/div>\n<div class=\"ztn2w49o n3t5jt4f k1z55t6l ne6e0wym qsbzbi57\" dir=\"auto\" role=\"none\"><strong>Por tal motivo, no habr\u00e1 atenci\u00f3n al p\u00fablico ya que las oficinas municipales permanecer\u00e1n cerradas, funcionando solo las guardias correspondientes en las dependencias que lo requieran. <\/strong><\/div>\n<div class=\"ztn2w49o n3t5jt4f k1z55t6l ne6e0wym qsbzbi57\" dir=\"auto\" role=\"none\"><strong>En el transcurso del d\u00eda, se informar\u00e1 oportunamente sobre los diferentes temas que requieran aclaraci\u00f3n.<\/strong><\/div>\n<\/div>\n<\/div>\n<div dir=\"auto\" role=\"none\"><\/div>\n<\/div>\n<\/div>\n<\/div>\n<div class=\"k88nbmki alzwoclg cqf1kptm adechonz siu44isn gvxzyvdx c7y9u1f0 lg77cbj3\" role=\"none\">\n<h3 dir=\"auto\" style=\"text-align: center;\"><strong>COMUNICADO HOSPITAL CAMPOMAR<\/strong><\/h3>\n<div dir=\"auto\"><strong>Tras el anuncio en Cadena Nacional del Presidente de la Naci\u00f3n declarando feriado nacional el viernes 2 de septiembre, a ra\u00edz de los hechos de p\u00fablico conocimiento, el Hospital Campomar informa:<\/strong><\/div>\n<div dir=\"auto\"><strong>*Los turnos para estudios o consultorios profesionales otorgados para el d\u00eda 2 de septiembre, ser\u00e1n reprogramados. Personal administrativo del centro de salud se encargar\u00e1 de comunicarse con los pacientes e informarles las nuevas fechas de atenci\u00f3n.<\/strong><\/div>\n<div dir=\"auto\"><strong>*El Hospital Campomar atender\u00e1 solo las emergencias a trav\u00e9s de sus servicios de guardia m\u00e9dica, c\u00f3mo sucede habitualmente los d\u00edas feriados.<\/strong><\/div>\n<div dir=\"auto\" style=\"text-align: center;\"><strong>Sepan disculpar las molestias las molestias ocasionadas.<\/strong><\/div>\n<\/div>\n<\/div>\n<div class=\"k88nbmki alzwoclg cqf1kptm adechonz siu44isn gvxzyvdx c7y9u1f0 lg77cbj3\" role=\"none\">\n<div class=\"jez8cy9q alzwoclg cqf1kptm homhzfsx jcxyg2ei cgu29s5g om3e55n1 afopkvs9 p4n9ro91\" aria-hidden=\"true\">\n<div class=\"i85zmo3j homhzfsx alzwoclg ov4vj3he\" role=\"none\">\n<div class=\"i85zmo3j homhzfsx alzwoclg ov4vj3he\" role=\"none\">\n<div><\/div>\n<\/div>\n<\/div>\n<\/div>\n<\/div>\n<div>\n<div class=\"kmwttqpk l7ghb35v mx6bq00g mwtcrujb alzwoclg qmqpeqxj e7u6y3za qwcclf47 nmlomj2f jez8cy9q jtronmds i85zmo3j jcxyg2ei hsphh064 fsf7x5fv qudkkb1i om3e55n1\"><\/div>\n<\/div>\n<div><\/div>\n<div class=\"kgnml90y b9mu8eyu r4pa5hsj dy7c60at p9br3yuc bdao358l cgu29s5g aeinzg81\">\n<div class=\"alzwoclg o7bt71qk siu44isn\">\n<div class=\"alzwoclg cgu29s5g r26s8xbz j0k7ypqs th51lws0 mfn553m3 aeinzg81 om3e55n1\">\n<div class=\"pbevjfx6 icdlwmnq om3e55n1 l4e6dv8b cgu29s5g effxes4x lgak1ieh aeinzg81 mm05nxu8 notranslate\" tabindex=\"0\" role=\"textbox\" contenteditable=\"true\" spellcheck=\"true\" aria-describedby=\"jsc_c_rz\" aria-label=\"Mensaje\" data-lexical-editor=\"true\"><\/div>\n<\/div>\n<\/div>\n<\/div>\n","protected":false},"excerpt":{"rendered":"<p>OFICINAS MUNICIPALES En virtud de los hechos de profunda gravedad institucional para el pa\u00eds ocurridos esta noche, el Presidente de<\/p>\n","protected":false},"author":3,"featured_media":0,"comment_status":"open","ping_status":"open","sticky":false,"template":"","format":"standard","meta":{"colormag_page_container_layout":"default_layout","colormag_page_sidebar_layout":"default_layout","footnotes":""},"categories":[1],"tags":[],"class_list":["post-40771","post","type-post","status-publish","format-standard","hentry","category-actualidad"],"_links":{"self":[{"href":"https:\/\/grupotiempodigital.com.ar\/index.php?rest_route=\/wp\/v2\/posts\/40771","targetHints":{"allow":["GET"]}}],"collection":[{"href":"https:\/\/grupotiempodigital.com.ar\/index.php?rest_route=\/wp\/v2\/posts"}],"about":[{"href":"https:\/\/grupotiempodigital.com.ar\/index.php?rest_route=\/wp\/v2\/types\/post"}],"author":[{"embeddable":true,"href":"https:\/\/grupotiempodigital.com.ar\/index.php?rest_route=\/wp\/v2\/users\/3"}],"replies":[{"embeddable":true,"href":"https:\/\/grupotiempodigital.com.ar\/index.php?rest_route=%2Fwp%2Fv2%2Fcomments&post=40771"}],"version-history":[{"count":3,"href":"https:\/\/grupotiempodigital.com.ar\/index.php?rest_route=\/wp\/v2\/posts\/40771\/revisions"}],"predecessor-version":[{"id":40774,"href":"https:\/\/grupotiempodigital.com.ar\/index.php?rest_route=\/wp\/v2\/posts\/40771\/revisions\/40774"}],"wp:attachment":[{"href":"https:\/\/grupotiempodigital.com.ar\/index.php?rest_route=%2Fwp%2Fv2%2Fmedia&parent=40771"}],"wp:term":[{"taxonomy":"category","embeddable":true,"href":"https:\/\/grupotiempodigital.com.ar\/index.php?rest_route=%2Fwp%2Fv2%2Fcategories&post=40771"},{"taxonomy":"post_tag","embeddable":true,"href":"https:\/\/grupotiempodigital.com.ar\/index.php?rest_route=%2Fwp%2Fv2%2Ftags&post=40771"}],"curies":[{"name":"wp","href":"https:\/\/api.w.org\/{rel}","templated":true}]}}