{"id":40765,"date":"2022-09-02T08:14:42","date_gmt":"2022-09-02T11:14:42","guid":{"rendered":"https:\/\/grupotiempodigital.com.ar\/?p=40765"},"modified":"2022-09-02T08:14:42","modified_gmt":"2022-09-02T11:14:42","slug":"avance-de-la-construccion-del-nuevo-cdi-en-el-barrio-villa-ramallo","status":"publish","type":"post","link":"https:\/\/grupotiempodigital.com.ar\/?p=40765","title":{"rendered":"AVANCE DE LA CONSTRUCCI\u00d3N DEL NUEVO CDI EN EL BARRIO VILLA RAMALLO"},"content":{"rendered":"<p>La obra de construcci\u00f3n de un nuevo Centro de Desarrollo Infantil (CDI) en el Barrio Villa Ramallo avanza a buen ritmo, a pocas semanas del inicio de los trabajos, con las fundaciones, la estructura met\u00e1lica y los desag\u00fces ya realizados, dando lugar a las tareas de levantado de la mamposter\u00eda.<\/p>\n<p>Este espacio esta incorporado en el Plan Nacional de Primera Infancia, que tiene como objetivo acompa\u00f1ar y fortalecer las estrategias de cuidado y educaci\u00f3n para el desarrollo integral de ni\u00f1os y ni\u00f1as de 45 d\u00edas a 4 a\u00f1os de edad. Contar\u00e1 con servicios como cocina, sanitarios, lugar de cambiado y expansi\u00f3n (patio).<\/p>\n<p><a href=\"https:\/\/grupotiempodigital.com.ar\/wp-content\/uploads\/2022\/09\/2-1.jpg\"><img loading=\"lazy\" decoding=\"async\" class=\"aligncenter size-full wp-image-40768\" src=\"https:\/\/grupotiempodigital.com.ar\/wp-content\/uploads\/2022\/09\/2-1.jpg\" alt=\"\" width=\"461\" height=\"307\" srcset=\"https:\/\/grupotiempodigital.com.ar\/wp-content\/uploads\/2022\/09\/2-1.jpg 461w, https:\/\/grupotiempodigital.com.ar\/wp-content\/uploads\/2022\/09\/2-1-300x200.jpg 300w\" sizes=\"auto, (max-width: 461px) 100vw, 461px\" \/><\/a><a href=\"https:\/\/grupotiempodigital.com.ar\/wp-content\/uploads\/2022\/09\/3.jpg\"><img loading=\"lazy\" decoding=\"async\" class=\"aligncenter size-full wp-image-40769\" src=\"https:\/\/grupotiempodigital.com.ar\/wp-content\/uploads\/2022\/09\/3.jpg\" alt=\"\" width=\"344\" height=\"229\" srcset=\"https:\/\/grupotiempodigital.com.ar\/wp-content\/uploads\/2022\/09\/3.jpg 344w, https:\/\/grupotiempodigital.com.ar\/wp-content\/uploads\/2022\/09\/3-300x200.jpg 300w\" sizes=\"auto, (max-width: 344px) 100vw, 344px\" \/><\/a><\/p>\n","protected":false},"excerpt":{"rendered":"<p>La obra de construcci\u00f3n de un nuevo Centro de Desarrollo Infantil (CDI) en el Barrio Villa Ramallo avanza a buen<\/p>\n","protected":false},"author":3,"featured_media":40767,"comment_status":"open","ping_status":"open","sticky":false,"template":"","format":"standard","meta":{"colormag_page_container_layout":"default_layout","colormag_page_sidebar_layout":"default_layout","footnotes":""},"categories":[1],"tags":[],"class_list":["post-40765","post","type-post","status-publish","format-standard","has-post-thumbnail","hentry","category-actualidad"],"_links":{"self":[{"href":"https:\/\/grupotiempodigital.com.ar\/index.php?rest_route=\/wp\/v2\/posts\/40765","targetHints":{"allow":["GET"]}}],"collection":[{"href":"https:\/\/grupotiempodigital.com.ar\/index.php?rest_route=\/wp\/v2\/posts"}],"about":[{"href":"https:\/\/grupotiempodigital.com.ar\/index.php?rest_route=\/wp\/v2\/types\/post"}],"author":[{"embeddable":true,"href":"https:\/\/grupotiempodigital.com.ar\/index.php?rest_route=\/wp\/v2\/users\/3"}],"replies":[{"embeddable":true,"href":"https:\/\/grupotiempodigital.com.ar\/index.php?rest_route=%2Fwp%2Fv2%2Fcomments&post=40765"}],"version-history":[{"count":2,"href":"https:\/\/grupotiempodigital.com.ar\/index.php?rest_route=\/wp\/v2\/posts\/40765\/revisions"}],"predecessor-version":[{"id":40770,"href":"https:\/\/grupotiempodigital.com.ar\/index.php?rest_route=\/wp\/v2\/posts\/40765\/revisions\/40770"}],"wp:featuredmedia":[{"embeddable":true,"href":"https:\/\/grupotiempodigital.com.ar\/index.php?rest_route=\/wp\/v2\/media\/40767"}],"wp:attachment":[{"href":"https:\/\/grupotiempodigital.com.ar\/index.php?rest_route=%2Fwp%2Fv2%2Fmedia&parent=40765"}],"wp:term":[{"taxonomy":"category","embeddable":true,"href":"https:\/\/grupotiempodigital.com.ar\/index.php?rest_route=%2Fwp%2Fv2%2Fcategories&post=40765"},{"taxonomy":"post_tag","embeddable":true,"href":"https:\/\/grupotiempodigital.com.ar\/index.php?rest_route=%2Fwp%2Fv2%2Ftags&post=40765"}],"curies":[{"name":"wp","href":"https:\/\/api.w.org\/{rel}","templated":true}]}}