{"id":40755,"date":"2022-09-01T13:54:22","date_gmt":"2022-09-01T16:54:22","guid":{"rendered":"https:\/\/grupotiempodigital.com.ar\/?p=40755"},"modified":"2022-09-01T13:54:22","modified_gmt":"2022-09-01T16:54:22","slug":"comenzo-la-campana-de-separacion-de-residuos-en-origen","status":"publish","type":"post","link":"https:\/\/grupotiempodigital.com.ar\/?p=40755","title":{"rendered":"COMENZ\u00d3 LA CAMPA\u00d1A DE SEPARACI\u00d3N DE RESIDUOS EN ORIGEN"},"content":{"rendered":"<p>Esta ma\u00f1ana, comenz\u00f3 la prueba piloto para la recolecci\u00f3n de residuos reciclables separados en origen. El Intendente Municipal Juan Manuel Alvarez, acompa\u00f1ado por la Secretaria de Producci\u00f3n y Ambiente, Paula Barrera, y autoridades del Ministerio de Ambiente de la Provincia de Buenos Aires, recorrieron las calles del Barrio Arquitectura, elegido para realizar la mencionada prueba.<br \/>\nDialogaron con los vecinos y vecinas y corroboraron el avance de la campa\u00f1a en su primera jornada. Tambi\u00e9n conversaron con el personal municipal a cargo de la recolecci\u00f3n de residuos en la planta urbana.<br \/>\nPosteriormente, se dirigieron a la estaci\u00f3n de transferencia de residuos s\u00f3lidos urbanos, para encontrarse con los recuperadores, encargados de recibir las bolsas verdes con residuos reciclables separados y clasificarlos. Adem\u00e1s, entregaron indumentaria de trabajo como camisas y guantes para que puedan realizar sus tareas con mayor seguridad.<\/p>\n<div id='gallery-1' class='gallery galleryid-40755 gallery-columns-2 gallery-size-full'><figure class='gallery-item'>\n\t\t\t<div class='gallery-icon landscape'>\n\t\t\t\t<a href='https:\/\/grupotiempodigital.com.ar\/?attachment_id=40761'><img loading=\"lazy\" decoding=\"async\" width=\"1599\" height=\"1066\" src=\"https:\/\/grupotiempodigital.com.ar\/wp-content\/uploads\/2022\/09\/separacion-residuos-0109_4.jpeg\" class=\"attachment-full size-full\" alt=\"\" srcset=\"https:\/\/grupotiempodigital.com.ar\/wp-content\/uploads\/2022\/09\/separacion-residuos-0109_4.jpeg 1599w, https:\/\/grupotiempodigital.com.ar\/wp-content\/uploads\/2022\/09\/separacion-residuos-0109_4-300x200.jpeg 300w, https:\/\/grupotiempodigital.com.ar\/wp-content\/uploads\/2022\/09\/separacion-residuos-0109_4-1024x683.jpeg 1024w, https:\/\/grupotiempodigital.com.ar\/wp-content\/uploads\/2022\/09\/separacion-residuos-0109_4-768x512.jpeg 768w, https:\/\/grupotiempodigital.com.ar\/wp-content\/uploads\/2022\/09\/separacion-residuos-0109_4-1536x1024.jpeg 1536w\" sizes=\"auto, (max-width: 1599px) 100vw, 1599px\" \/><\/a>\n\t\t\t<\/div><\/figure><figure class='gallery-item'>\n\t\t\t<div class='gallery-icon landscape'>\n\t\t\t\t<a href='https:\/\/grupotiempodigital.com.ar\/?attachment_id=40760'><img loading=\"lazy\" decoding=\"async\" width=\"1599\" height=\"1066\" src=\"https:\/\/grupotiempodigital.com.ar\/wp-content\/uploads\/2022\/09\/separacion-residuos-0109_3.jpeg\" class=\"attachment-full size-full\" alt=\"\" srcset=\"https:\/\/grupotiempodigital.com.ar\/wp-content\/uploads\/2022\/09\/separacion-residuos-0109_3.jpeg 1599w, https:\/\/grupotiempodigital.com.ar\/wp-content\/uploads\/2022\/09\/separacion-residuos-0109_3-300x200.jpeg 300w, https:\/\/grupotiempodigital.com.ar\/wp-content\/uploads\/2022\/09\/separacion-residuos-0109_3-1024x683.jpeg 1024w, https:\/\/grupotiempodigital.com.ar\/wp-content\/uploads\/2022\/09\/separacion-residuos-0109_3-768x512.jpeg 768w, https:\/\/grupotiempodigital.com.ar\/wp-content\/uploads\/2022\/09\/separacion-residuos-0109_3-1536x1024.jpeg 1536w\" sizes=\"auto, (max-width: 1599px) 100vw, 1599px\" \/><\/a>\n\t\t\t<\/div><\/figure><figure class='gallery-item'>\n\t\t\t<div class='gallery-icon landscape'>\n\t\t\t\t<a href='https:\/\/grupotiempodigital.com.ar\/?attachment_id=40759'><img loading=\"lazy\" decoding=\"async\" width=\"1599\" height=\"1066\" src=\"https:\/\/grupotiempodigital.com.ar\/wp-content\/uploads\/2022\/09\/separacion-residuos-0109_2.jpeg\" class=\"attachment-full size-full\" alt=\"\" srcset=\"https:\/\/grupotiempodigital.com.ar\/wp-content\/uploads\/2022\/09\/separacion-residuos-0109_2.jpeg 1599w, https:\/\/grupotiempodigital.com.ar\/wp-content\/uploads\/2022\/09\/separacion-residuos-0109_2-300x200.jpeg 300w, https:\/\/grupotiempodigital.com.ar\/wp-content\/uploads\/2022\/09\/separacion-residuos-0109_2-1024x683.jpeg 1024w, https:\/\/grupotiempodigital.com.ar\/wp-content\/uploads\/2022\/09\/separacion-residuos-0109_2-768x512.jpeg 768w, https:\/\/grupotiempodigital.com.ar\/wp-content\/uploads\/2022\/09\/separacion-residuos-0109_2-1536x1024.jpeg 1536w\" sizes=\"auto, (max-width: 1599px) 100vw, 1599px\" \/><\/a>\n\t\t\t<\/div><\/figure><figure class='gallery-item'>\n\t\t\t<div class='gallery-icon landscape'>\n\t\t\t\t<a href='https:\/\/grupotiempodigital.com.ar\/?attachment_id=40758'><img loading=\"lazy\" decoding=\"async\" width=\"1599\" height=\"1066\" src=\"https:\/\/grupotiempodigital.com.ar\/wp-content\/uploads\/2022\/09\/separacion-residuos-0109_1.jpeg\" class=\"attachment-full size-full\" alt=\"\" srcset=\"https:\/\/grupotiempodigital.com.ar\/wp-content\/uploads\/2022\/09\/separacion-residuos-0109_1.jpeg 1599w, https:\/\/grupotiempodigital.com.ar\/wp-content\/uploads\/2022\/09\/separacion-residuos-0109_1-300x200.jpeg 300w, https:\/\/grupotiempodigital.com.ar\/wp-content\/uploads\/2022\/09\/separacion-residuos-0109_1-1024x683.jpeg 1024w, https:\/\/grupotiempodigital.com.ar\/wp-content\/uploads\/2022\/09\/separacion-residuos-0109_1-768x512.jpeg 768w, https:\/\/grupotiempodigital.com.ar\/wp-content\/uploads\/2022\/09\/separacion-residuos-0109_1-1536x1024.jpeg 1536w\" sizes=\"auto, (max-width: 1599px) 100vw, 1599px\" \/><\/a>\n\t\t\t<\/div><\/figure><figure class='gallery-item'>\n\t\t\t<div class='gallery-icon landscape'>\n\t\t\t\t<a href='https:\/\/grupotiempodigital.com.ar\/?attachment_id=40757'><img loading=\"lazy\" decoding=\"async\" width=\"1599\" height=\"1066\" src=\"https:\/\/grupotiempodigital.com.ar\/wp-content\/uploads\/2022\/09\/separacion-residuos-0109_5.jpeg\" class=\"attachment-full size-full\" alt=\"\" srcset=\"https:\/\/grupotiempodigital.com.ar\/wp-content\/uploads\/2022\/09\/separacion-residuos-0109_5.jpeg 1599w, https:\/\/grupotiempodigital.com.ar\/wp-content\/uploads\/2022\/09\/separacion-residuos-0109_5-300x200.jpeg 300w, https:\/\/grupotiempodigital.com.ar\/wp-content\/uploads\/2022\/09\/separacion-residuos-0109_5-1024x683.jpeg 1024w, https:\/\/grupotiempodigital.com.ar\/wp-content\/uploads\/2022\/09\/separacion-residuos-0109_5-768x512.jpeg 768w, https:\/\/grupotiempodigital.com.ar\/wp-content\/uploads\/2022\/09\/separacion-residuos-0109_5-1536x1024.jpeg 1536w\" sizes=\"auto, (max-width: 1599px) 100vw, 1599px\" \/><\/a>\n\t\t\t<\/div><\/figure>\n\t\t<\/div>\n\n","protected":false},"excerpt":{"rendered":"<p>Esta ma\u00f1ana, comenz\u00f3 la prueba piloto para la recolecci\u00f3n de residuos reciclables separados en origen. El Intendente Municipal Juan Manuel<\/p>\n","protected":false},"author":3,"featured_media":40759,"comment_status":"open","ping_status":"open","sticky":false,"template":"","format":"standard","meta":{"colormag_page_container_layout":"default_layout","colormag_page_sidebar_layout":"default_layout","footnotes":""},"categories":[1,38],"tags":[],"class_list":["post-40755","post","type-post","status-publish","format-standard","has-post-thumbnail","hentry","category-actualidad","category-destacadas"],"_links":{"self":[{"href":"https:\/\/grupotiempodigital.com.ar\/index.php?rest_route=\/wp\/v2\/posts\/40755","targetHints":{"allow":["GET"]}}],"collection":[{"href":"https:\/\/grupotiempodigital.com.ar\/index.php?rest_route=\/wp\/v2\/posts"}],"about":[{"href":"https:\/\/grupotiempodigital.com.ar\/index.php?rest_route=\/wp\/v2\/types\/post"}],"author":[{"embeddable":true,"href":"https:\/\/grupotiempodigital.com.ar\/index.php?rest_route=\/wp\/v2\/users\/3"}],"replies":[{"embeddable":true,"href":"https:\/\/grupotiempodigital.com.ar\/index.php?rest_route=%2Fwp%2Fv2%2Fcomments&post=40755"}],"version-history":[{"count":2,"href":"https:\/\/grupotiempodigital.com.ar\/index.php?rest_route=\/wp\/v2\/posts\/40755\/revisions"}],"predecessor-version":[{"id":40762,"href":"https:\/\/grupotiempodigital.com.ar\/index.php?rest_route=\/wp\/v2\/posts\/40755\/revisions\/40762"}],"wp:featuredmedia":[{"embeddable":true,"href":"https:\/\/grupotiempodigital.com.ar\/index.php?rest_route=\/wp\/v2\/media\/40759"}],"wp:attachment":[{"href":"https:\/\/grupotiempodigital.com.ar\/index.php?rest_route=%2Fwp%2Fv2%2Fmedia&parent=40755"}],"wp:term":[{"taxonomy":"category","embeddable":true,"href":"https:\/\/grupotiempodigital.com.ar\/index.php?rest_route=%2Fwp%2Fv2%2Fcategories&post=40755"},{"taxonomy":"post_tag","embeddable":true,"href":"https:\/\/grupotiempodigital.com.ar\/index.php?rest_route=%2Fwp%2Fv2%2Ftags&post=40755"}],"curies":[{"name":"wp","href":"https:\/\/api.w.org\/{rel}","templated":true}]}}