{"id":38918,"date":"2022-05-04T09:57:05","date_gmt":"2022-05-04T12:57:05","guid":{"rendered":"https:\/\/grupotiempodigital.com.ar\/?p=38918"},"modified":"2022-05-04T09:57:05","modified_gmt":"2022-05-04T12:57:05","slug":"dias-y-horarios-para-la-poda-de-arboles-en-espacios-publicos","status":"publish","type":"post","link":"https:\/\/grupotiempodigital.com.ar\/?p=38918","title":{"rendered":"D\u00cdAS Y HORARIOS PARA LA PODA DE \u00c1RBOLES EN ESPACIOS P\u00daBLICOS"},"content":{"rendered":"<p>La Municipalidad de General Paz informa que, con motivo de encontrarnos en la \u00e9poca de poda de \u00e1rboles y con el fin de mantener un orden  en relaci\u00f3n a los d\u00edas y su posterior  recolecci\u00f3n, el esquema ser\u00e1 el siguiente:<br \/>\n\u25cf\tLa poda deber\u00e1 realizarse los d\u00edas lunes, mi\u00e9rcoles y viernes<br \/>\n\u25cf\tLa recolecci\u00f3n de ramas se llevar\u00e1 a cabo los martes, jueves y s\u00e1bados.<br \/>\nEn el caso de los trabajos a realizar en las plantas que se encuentren sobre el espacio p\u00fablico (veredas), los frentistas deber\u00e1n solicitar la autorizaci\u00f3n correspondiente en la Secretar\u00eda de Producci\u00f3n y Ambiente local, en d\u00edas h\u00e1biles en el horario comprendido entre las 8:00 y las 14:00 hs.<\/p>\n","protected":false},"excerpt":{"rendered":"<p>La Municipalidad de General Paz informa que, con motivo de encontrarnos en la \u00e9poca de poda de \u00e1rboles y con<\/p>\n","protected":false},"author":3,"featured_media":0,"comment_status":"open","ping_status":"open","sticky":false,"template":"","format":"standard","meta":{"colormag_page_container_layout":"default_layout","colormag_page_sidebar_layout":"default_layout","footnotes":""},"categories":[1],"tags":[],"class_list":["post-38918","post","type-post","status-publish","format-standard","hentry","category-actualidad"],"_links":{"self":[{"href":"https:\/\/grupotiempodigital.com.ar\/index.php?rest_route=\/wp\/v2\/posts\/38918","targetHints":{"allow":["GET"]}}],"collection":[{"href":"https:\/\/grupotiempodigital.com.ar\/index.php?rest_route=\/wp\/v2\/posts"}],"about":[{"href":"https:\/\/grupotiempodigital.com.ar\/index.php?rest_route=\/wp\/v2\/types\/post"}],"author":[{"embeddable":true,"href":"https:\/\/grupotiempodigital.com.ar\/index.php?rest_route=\/wp\/v2\/users\/3"}],"replies":[{"embeddable":true,"href":"https:\/\/grupotiempodigital.com.ar\/index.php?rest_route=%2Fwp%2Fv2%2Fcomments&post=38918"}],"version-history":[{"count":1,"href":"https:\/\/grupotiempodigital.com.ar\/index.php?rest_route=\/wp\/v2\/posts\/38918\/revisions"}],"predecessor-version":[{"id":38919,"href":"https:\/\/grupotiempodigital.com.ar\/index.php?rest_route=\/wp\/v2\/posts\/38918\/revisions\/38919"}],"wp:attachment":[{"href":"https:\/\/grupotiempodigital.com.ar\/index.php?rest_route=%2Fwp%2Fv2%2Fmedia&parent=38918"}],"wp:term":[{"taxonomy":"category","embeddable":true,"href":"https:\/\/grupotiempodigital.com.ar\/index.php?rest_route=%2Fwp%2Fv2%2Fcategories&post=38918"},{"taxonomy":"post_tag","embeddable":true,"href":"https:\/\/grupotiempodigital.com.ar\/index.php?rest_route=%2Fwp%2Fv2%2Ftags&post=38918"}],"curies":[{"name":"wp","href":"https:\/\/api.w.org\/{rel}","templated":true}]}}