{"id":38911,"date":"2022-05-04T00:32:37","date_gmt":"2022-05-04T03:32:37","guid":{"rendered":"https:\/\/grupotiempodigital.com.ar\/?p=38911"},"modified":"2022-05-04T08:36:27","modified_gmt":"2022-05-04T11:36:27","slug":"cierra-sus-puertas-tintoreria-tokio-de-chascomus-luego-de-80-anos-de-servicio","status":"publish","type":"post","link":"https:\/\/grupotiempodigital.com.ar\/?p=38911","title":{"rendered":"Cierra sus puertas Tintorer\u00eda Tokio de Chascom\u00fas luego de 80 a\u00f1os de servicio"},"content":{"rendered":"<p><em>Por Ximena B. Xiong<\/em><br \/>\nCaminar por calle Belgrano de la ciudad de Chascom\u00fas no ser\u00e1 lo mismo en los pr\u00f3ximos d\u00edas tras el anuncio del cierre de la Tintorer\u00eda Tokio, que se instal\u00f3 en la mencionada calle a mediados de 1957, tras haber iniciado en un local de Lastra y Col\u00f3n el 7 de noviembre de 1942.<br \/>\nDurante estas ma\u00f1anas los transe\u00fantes y vecinos que acuden al local se encontraron con un letrero que da aviso al cierre del comercio que comenz\u00f3 sus primeras pintadas de la mano del padre de los hermanos Higa, quienes hoy por cuesti\u00f3n de salud tomaron la decisi\u00f3n de cerrar sus persianas.<br \/>\nEn los medios de Grupo Tiempo dialogamos esta ma\u00f1ana con uno de los hermanos, Lindolfo Higa, quien hoy se encuentra a cargo del comercio, respecto al cierre del hist\u00f3rico local de tintorer\u00eda siendo el \u00faltimo de la localidad.<\/p>\n<figure id=\"attachment_38913\" aria-describedby=\"caption-attachment-38913\" style=\"width: 224px\" class=\"wp-caption alignleft\"><a href=\"https:\/\/grupotiempodigital.com.ar\/wp-content\/uploads\/2022\/05\/Lindolfo-Higa.jpeg\"><img loading=\"lazy\" decoding=\"async\" class=\"wp-image-38913 \" src=\"https:\/\/grupotiempodigital.com.ar\/wp-content\/uploads\/2022\/05\/Lindolfo-Higa-300x169.jpeg\" alt=\"\" width=\"224\" height=\"127\" srcset=\"https:\/\/grupotiempodigital.com.ar\/wp-content\/uploads\/2022\/05\/Lindolfo-Higa-300x169.jpeg 300w, https:\/\/grupotiempodigital.com.ar\/wp-content\/uploads\/2022\/05\/Lindolfo-Higa-1024x576.jpeg 1024w, https:\/\/grupotiempodigital.com.ar\/wp-content\/uploads\/2022\/05\/Lindolfo-Higa-768x432.jpeg 768w, https:\/\/grupotiempodigital.com.ar\/wp-content\/uploads\/2022\/05\/Lindolfo-Higa-1536x864.jpeg 1536w, https:\/\/grupotiempodigital.com.ar\/wp-content\/uploads\/2022\/05\/Lindolfo-Higa-1140x641.jpeg 1140w, https:\/\/grupotiempodigital.com.ar\/wp-content\/uploads\/2022\/05\/Lindolfo-Higa-720x405.jpeg 720w, https:\/\/grupotiempodigital.com.ar\/wp-content\/uploads\/2022\/05\/Lindolfo-Higa.jpeg 1600w\" sizes=\"auto, (max-width: 224px) 100vw, 224px\" \/><\/a><figcaption id=\"caption-attachment-38913\" class=\"wp-caption-text\"><strong>Lindolfo Higa.<\/strong> Foto: Ximena Xiong para Grupo Tiempo.<\/figcaption><\/figure>\n<p>\u201cYo nac\u00ed en una tintorer\u00eda y me crie en la tintorer\u00eda, as\u00ed que cerrarla nos cuesta un poco\u201d, expres\u00f3 Lindolfo, quien hoy se encuentra frente al local debido a que su hermano Horacio, a cargo de la tintorer\u00eda, se encuentra bajo cuidado de su salud.<br \/>\nCon casi 80 a\u00f1os de servicio, el vecino coment\u00f3 que su padre Shotoku y su madre Tomiko compraron una tintorer\u00eda en calle Lastra y Col\u00f3n que \u201cya exist\u00eda y ah\u00ed arrancaron ellos\u201d.<br \/>\nTambi\u00e9n relat\u00f3 que su padre lleg\u00f3 a la Argentina en el 30\u2019, desempe\u00f1\u00e1ndose como quintero durante un tiempo en Pereyra Iraola casi Florencio Varela, \u201cfue mozo de bar en Lan\u00fas y en la capital, tintorero\u201d, hasta instalarse en Chascom\u00fas.<br \/>\nTras abrir el local en Lastra y Col\u00f3n, la tintorer\u00eda luego se mud\u00f3 a calle Cramer y Sarmiento y por \u00faltimo en calle Belgrano N\u00ba 185, aproximadamente desde el a\u00f1o 1957 y siendo este a\u00f1o, 2022, que cerrar\u00e1 las persianas.<br \/>\nLa tintorer\u00eda estuvo al mando del padre de la familia y tras su fallecimiento, Horacio junto con su madre continuaron el negocio creando una asociaci\u00f3n. \u201cCuando fallece mi madre, con mi hermano entre los dos seguimos bajo \u2018Higa Hermanos\u2019. Y en los \u00faltimos a\u00f1os solamente \u2018Horacio Higa\u2019\u201d, mencion\u00f3 Lindolfo estando abierto el comercio al p\u00fablico solo para retirar las prendas que habitan el local y que pronto dejaran de estar al igual que el olor al solvente.<br \/>\n\u00ac-Comunicado de cierre de Tintorer\u00eda Tokio Chascom\u00fas<br \/>\nA trav\u00e9s de las redes sociales, la familia Higa dio a conocer la decisi\u00f3n del cierre del local. Tambi\u00e9n lo hicieron en la puerta de la tintorer\u00eda situada en calle Belgrano.<br \/>\nEl comunicado menciona lo siguiente: \u201cLa Tintorer\u00eda Tokio, informa que va a cerrar definitivamente sus puertas, por lo tanto, las personas que a\u00fan no han retirado sus prendas pasen, por favor, a buscarlas, ya que, en un plazo de 30 d\u00edas, todo lo que no fue retirado ser\u00e1 donado a una iglesia\u201d.<br \/>\n\u201cPor otra parte, la familia Higa quiere agradecer a sus clientes y a toda la comunidad de Chascom\u00fas el haber confiado en ellos por casi 80 a\u00f1os. Muchas Gracias\u201d.<\/p>\n<p><strong>ESCUCHA LA ENTREVISTA COMPLETA<\/strong><br \/>\n<iframe loading=\"lazy\" src=\"https:\/\/drive.google.com\/file\/d\/1XPAj4M-Gba2d3t6A90VOQoP9HxJjxuGg\/preview\" width=\"640\" height=\"80\" allow=\"autoplay\"><\/iframe><\/p>\n","protected":false},"excerpt":{"rendered":"<p>Por Ximena B. Xiong Caminar por calle Belgrano de la ciudad de Chascom\u00fas no ser\u00e1 lo mismo en los pr\u00f3ximos<\/p>\n","protected":false},"author":3,"featured_media":38914,"comment_status":"open","ping_status":"open","sticky":false,"template":"","format":"standard","meta":{"colormag_page_container_layout":"default_layout","colormag_page_sidebar_layout":"default_layout","footnotes":""},"categories":[1,38,43],"tags":[],"class_list":["post-38911","post","type-post","status-publish","format-standard","has-post-thumbnail","hentry","category-actualidad","category-destacadas","category-notas-con-audio"],"_links":{"self":[{"href":"https:\/\/grupotiempodigital.com.ar\/index.php?rest_route=\/wp\/v2\/posts\/38911","targetHints":{"allow":["GET"]}}],"collection":[{"href":"https:\/\/grupotiempodigital.com.ar\/index.php?rest_route=\/wp\/v2\/posts"}],"about":[{"href":"https:\/\/grupotiempodigital.com.ar\/index.php?rest_route=\/wp\/v2\/types\/post"}],"author":[{"embeddable":true,"href":"https:\/\/grupotiempodigital.com.ar\/index.php?rest_route=\/wp\/v2\/users\/3"}],"replies":[{"embeddable":true,"href":"https:\/\/grupotiempodigital.com.ar\/index.php?rest_route=%2Fwp%2Fv2%2Fcomments&post=38911"}],"version-history":[{"count":3,"href":"https:\/\/grupotiempodigital.com.ar\/index.php?rest_route=\/wp\/v2\/posts\/38911\/revisions"}],"predecessor-version":[{"id":38916,"href":"https:\/\/grupotiempodigital.com.ar\/index.php?rest_route=\/wp\/v2\/posts\/38911\/revisions\/38916"}],"wp:featuredmedia":[{"embeddable":true,"href":"https:\/\/grupotiempodigital.com.ar\/index.php?rest_route=\/wp\/v2\/media\/38914"}],"wp:attachment":[{"href":"https:\/\/grupotiempodigital.com.ar\/index.php?rest_route=%2Fwp%2Fv2%2Fmedia&parent=38911"}],"wp:term":[{"taxonomy":"category","embeddable":true,"href":"https:\/\/grupotiempodigital.com.ar\/index.php?rest_route=%2Fwp%2Fv2%2Fcategories&post=38911"},{"taxonomy":"post_tag","embeddable":true,"href":"https:\/\/grupotiempodigital.com.ar\/index.php?rest_route=%2Fwp%2Fv2%2Ftags&post=38911"}],"curies":[{"name":"wp","href":"https:\/\/api.w.org\/{rel}","templated":true}]}}