{"id":38907,"date":"2022-05-03T17:48:28","date_gmt":"2022-05-03T20:48:28","guid":{"rendered":"https:\/\/grupotiempodigital.com.ar\/?p=38907"},"modified":"2022-05-03T18:55:45","modified_gmt":"2022-05-03T21:55:45","slug":"dr-otegui-y-el-juicio-de-la-rifa-cada-vez-esta-mas-cerca-el-remate-de-bienes-municipales","status":"publish","type":"post","link":"https:\/\/grupotiempodigital.com.ar\/?p=38907","title":{"rendered":"Dr. Otegui y el juicio de l\u00e1 rifa. \u00bb CADA VEZ ESTA MAS CERCA EL REMATE DE BIENES MUNICIPALES\u00bb"},"content":{"rendered":"<p>En las \u00faltimas horas volvi\u00f3 a ser tema el famoso caso de la Rifa del Campo de Chascom\u00fas, caso que ya lleva m\u00e1s de 25 a\u00f1os de vueltas jur\u00eddicas y este medio que lo sigue como nadie supo de esas novedades. Por eso en las radios de TIEMPO, Libres del Sur FM 90.1 Mhz de Chascom\u00fas, en Ranchos La Palabra FM 90.7 Mhz y LV FM 90.1 Mhz de Loma Verde, este martes dialogamos con el representante legal de la parte damnificada el Dr. Miguel Otegui, para conocer las \u00faltimas novedades en la causa.<br \/>\n\u00abLo que yo te dije en la \u00faltima entrevista pas\u00f3 (nota en las radios de TIEMPO del 16 de diciembre de 2021). El presidente de la c\u00e1mara ( Provincia) dijo que siente verg\u00fcenza que esto lleva 25 a\u00f1os. Este caso pas\u00f3 ya por todas las instancias de la corte nacional. Que no hay un plazo razonable complica a la naci\u00f3n porque se lo puede denunciar en la corte internacional de derecho. Esto fue advertido por el presidente de la C\u00e1mara en dos reuniones que tuvimos hace 1 mes atr\u00e1s&#8230;\u00bb dijo en referencia a las declaraciones que se conocieron ( entre ellas del intendente Gast\u00f3n) a fines de diciembre del a\u00f1o pasado sobre la aprobaci\u00f3n de una ley que hac\u00eda cargo a la provincia de una suma de 250 millones para pagar el juicio que no tiene definido ning\u00fan monto final) y el pago de la deuda ingresaba en el presupuesto provincial y que fue hasta mencionado por el intendente Gast\u00f3n en varios medios. Y contin\u00fao Otegui con su alocuci\u00f3n \u00abEn lo que yo te dije que nadie puede hacerse cargo del derecho. Alguien a veces dice cosas&#8230;&#8230; algo para pedalear un resultado imposible. Despu\u00e9s de una reuni\u00f3n en la C\u00e1mara se fij\u00f3 una reuni\u00f3n en el ministerio de econom\u00eda y presentaron una suma muy lejana a los 250 millones de pesos. Es mas no llega al 10 por ciento de lo que nosotros planteamos. Sobre el intendente Gast\u00f3n no pesa ninguna sospecha de nada en mi contra. En una reuni\u00f3n el presidente de la c\u00e1mara con el presupuesto de 3 mil millones en la mano le pregunt\u00f3 d\u00f3nde estaba lo que iban a aportar. Porque no figura en ning\u00fan lado.Y si no est\u00e1 presupuestado mal pueden pagarlo\u00bb explico el letrado.<br \/>\nSobre cuando se podr\u00edan determinar los montos de la misma comento \u00abPuede que haya un tire y afloje. Nosotros pusimos un perito de la corte que estableci\u00f3 un valor de 300 millones, pero esto se mueve con el valor del d\u00f3lar. En 2002 termino el periplo de apelaciones y la provincia se pod\u00eda sentar a negociar y en ese momento empezaron las apelaciones del gobierno. El organizador pudo hacer la rifa porque lo autoriz\u00f3 el ejecutivo. Eso era de dif\u00edcil instrumentaci\u00f3n. La causa penal que se judicializo por la denuncia de Tata Fernandino, se dej\u00f3 prescribir. Ac\u00e1 estaba claro y la fiscal\u00eda lo sabe que si vos tenes una rifa y muestras el campo tenes que entregarlo. Lo que pasa es que este hombre lo hipoteca varias veces. Tambi\u00e9n es posible que haya quecrematar algunos campos que tiene la municipalidad de Chascom\u00fas y vamos a embargar cuentas de la provincia de Buenos Aires. Si le hubieran dado 250 millones a los damnificados, despu\u00e9s se hubiera conversado mejor&#8230;\u00bb Sintetizo Otegui<br \/>\nEn el cierre de la nota Otegui enfatizo \u00abEl valor de la hect\u00e1rea tiene un impulso a partir de la suba de los comodity, cuando compraron val\u00edan 700 d\u00f3lares la hect\u00e1rea y no tienen la rentabilidad de hoy en d\u00eda. Esto se pudo arreglar antes. Nosotros armamos expediente con el ex intendente Gobbi y su sucesor. Pero solo fueron conversaciones y nada m\u00e1s. A todos les gusta participar pero nadie se compromete&#8230;\u00bb cerr\u00f3 Otegui la entrevista con TIEMPO aclarando que el pr\u00f3ximo reportaje ser\u00e1 cuando la c\u00e1mara se expida<\/p>\n<p><iframe loading=\"lazy\" src=\"https:\/\/drive.google.com\/file\/d\/1LI_m2uNwY4y_QHisAOdRoC5WlJHjcKOF\/preview\" width=\"320\" height=\"80\" allow=\"autoplay\"><\/iframe><\/p>\n","protected":false},"excerpt":{"rendered":"<p>En las \u00faltimas horas volvi\u00f3 a ser tema el famoso caso de la Rifa del Campo de Chascom\u00fas, caso que<\/p>\n","protected":false},"author":3,"featured_media":15935,"comment_status":"open","ping_status":"open","sticky":false,"template":"","format":"standard","meta":{"colormag_page_container_layout":"default_layout","colormag_page_sidebar_layout":"default_layout","footnotes":""},"categories":[1,45,38],"tags":[],"class_list":["post-38907","post","type-post","status-publish","format-standard","has-post-thumbnail","hentry","category-actualidad","category-chascomus","category-destacadas"],"_links":{"self":[{"href":"https:\/\/grupotiempodigital.com.ar\/index.php?rest_route=\/wp\/v2\/posts\/38907","targetHints":{"allow":["GET"]}}],"collection":[{"href":"https:\/\/grupotiempodigital.com.ar\/index.php?rest_route=\/wp\/v2\/posts"}],"about":[{"href":"https:\/\/grupotiempodigital.com.ar\/index.php?rest_route=\/wp\/v2\/types\/post"}],"author":[{"embeddable":true,"href":"https:\/\/grupotiempodigital.com.ar\/index.php?rest_route=\/wp\/v2\/users\/3"}],"replies":[{"embeddable":true,"href":"https:\/\/grupotiempodigital.com.ar\/index.php?rest_route=%2Fwp%2Fv2%2Fcomments&post=38907"}],"version-history":[{"count":2,"href":"https:\/\/grupotiempodigital.com.ar\/index.php?rest_route=\/wp\/v2\/posts\/38907\/revisions"}],"predecessor-version":[{"id":38909,"href":"https:\/\/grupotiempodigital.com.ar\/index.php?rest_route=\/wp\/v2\/posts\/38907\/revisions\/38909"}],"wp:featuredmedia":[{"embeddable":true,"href":"https:\/\/grupotiempodigital.com.ar\/index.php?rest_route=\/wp\/v2\/media\/15935"}],"wp:attachment":[{"href":"https:\/\/grupotiempodigital.com.ar\/index.php?rest_route=%2Fwp%2Fv2%2Fmedia&parent=38907"}],"wp:term":[{"taxonomy":"category","embeddable":true,"href":"https:\/\/grupotiempodigital.com.ar\/index.php?rest_route=%2Fwp%2Fv2%2Fcategories&post=38907"},{"taxonomy":"post_tag","embeddable":true,"href":"https:\/\/grupotiempodigital.com.ar\/index.php?rest_route=%2Fwp%2Fv2%2Ftags&post=38907"}],"curies":[{"name":"wp","href":"https:\/\/api.w.org\/{rel}","templated":true}]}}