{"id":38903,"date":"2022-05-03T15:05:40","date_gmt":"2022-05-03T18:05:40","guid":{"rendered":"https:\/\/grupotiempodigital.com.ar\/?p=38903"},"modified":"2022-05-03T15:05:40","modified_gmt":"2022-05-03T18:05:40","slug":"fran-vernaci-asi-es-el-mejor-18-que-corri-en-mi-vida","status":"publish","type":"post","link":"https:\/\/grupotiempodigital.com.ar\/?p=38903","title":{"rendered":"Fran Vernaci: \u00bb As\u00ed es el mejor 18 que corr\u00ed en mi vida\u00bb"},"content":{"rendered":"<p>El pasado fin de semana en Gral. Lavalle se disput\u00f3 una nueva fecha del Rally Mar y Sierras, hasta all\u00ed parti\u00f3 una vasta delegaci\u00f3n de pilotos y navegantes rancheros. Uno de los autos m\u00e1s destacados del fin de semana fue el R18 que manej\u00f3 Fran Vernaci navegado por Lisandro Santi. Es por eso que en la ma\u00f1ana de este martes en TIEMPO DE RADIO, Libres del Sur FM 90.1 Mhz de Chascom\u00fas, en Ranchos La Palabra FM 90.7 Mhz y LV FM 90.1 Mhz de Loma Verde, dialogamos con el piloto ranchero.<br \/>\n\u00abEl laburo que hacen ellos en el taller es incre\u00edble, lo \u00fanico que tenemos que hacer es correr. El problema que tuvimos en Ranchos fue del auto estar parado y para Lavalle lo acomodaron. Este es el mejor 18 que me toc\u00f3 manejar sin dudas&#8230;\u00bb dijo sobre el auto que le dejo el Toscano Lamarque y todo su equipo de preparadores y agreg\u00f3 \u00abLa verdad es impensado que \u00edbamos a hacer esos tiempos. El ultimo prime (el Power) salimos a ganarlo y cuando las cosas son redonditas salen bien&#8230;\u00bb analizo Vernaci.<br \/>\nCuando se le pregunt\u00f3 sobre c\u00f3mo se siente como piloto Vernaci respondi\u00f3 \u00abSiempre corr\u00ed una vez por a\u00f1o, solo en 2019 corr\u00ed 4 carreras seguidas. Ahora me voy sintiendo a gusto. Seguramente uno va emprolijando las cosas y seguro hay para sacarle un poco m\u00e1s&#8230;\u00bb comento Fran sobre su nuevo rol<br \/>\n\u00abLa carrera fue hermosa, cortita, la pasamos bien. Nos divertimos, somos un grupo espectacular con Papi, Lucas, Lacopolla, Tadeo Della Vedova. Si yo hubiera tenido ese estado gripal, que ten\u00eda pap\u00e1 no hubiera corrido&#8230;\u00bb finalizo Fran cuando se le pregunt\u00f3 sobre sobre Nunzio y una fuerte gripe que casi lo saca de la carrera.<br \/>\nAnte la pregunta de c\u00f3mo es correr con Lisandro Santi dijo \u00abCon Lito nos conocemos mucho, hac\u00edamos macanas en el 147 de mi vieja y corrimos siempre juntos. Ahora Vamos a tratar de ir por el t\u00edtulo, no es f\u00e1cil correr, pero algo vamos a hacer&#8230;\u00bb cerr\u00f3 la nota Francisco Vernaci quien mantiene el legado de los Vernaci a bordo del Cl\u00e1sico R18 que tanta satisfacciones le dio a su padre.<\/p>\n<p style=\"text-align: center;\"><strong>ESCUCHAR ENTREVISTA COMPLETA<\/strong><\/p>\n<p><iframe loading=\"lazy\" src=\"https:\/\/drive.google.com\/file\/d\/1D0ZV0s3j4vBUcHnwPmtK80LDGMApRm6H\/preview\" width=\"640\" height=\"80\" allow=\"autoplay\"><\/iframe><br \/>\n&nbsp;<\/p>\n","protected":false},"excerpt":{"rendered":"<p>El pasado fin de semana en Gral. Lavalle se disput\u00f3 una nueva fecha del Rally Mar y Sierras, hasta all\u00ed<\/p>\n","protected":false},"author":3,"featured_media":38905,"comment_status":"open","ping_status":"open","sticky":false,"template":"","format":"standard","meta":{"colormag_page_container_layout":"default_layout","colormag_page_sidebar_layout":"default_layout","footnotes":""},"categories":[1,38,43],"tags":[],"class_list":["post-38903","post","type-post","status-publish","format-standard","has-post-thumbnail","hentry","category-actualidad","category-destacadas","category-notas-con-audio"],"_links":{"self":[{"href":"https:\/\/grupotiempodigital.com.ar\/index.php?rest_route=\/wp\/v2\/posts\/38903","targetHints":{"allow":["GET"]}}],"collection":[{"href":"https:\/\/grupotiempodigital.com.ar\/index.php?rest_route=\/wp\/v2\/posts"}],"about":[{"href":"https:\/\/grupotiempodigital.com.ar\/index.php?rest_route=\/wp\/v2\/types\/post"}],"author":[{"embeddable":true,"href":"https:\/\/grupotiempodigital.com.ar\/index.php?rest_route=\/wp\/v2\/users\/3"}],"replies":[{"embeddable":true,"href":"https:\/\/grupotiempodigital.com.ar\/index.php?rest_route=%2Fwp%2Fv2%2Fcomments&post=38903"}],"version-history":[{"count":2,"href":"https:\/\/grupotiempodigital.com.ar\/index.php?rest_route=\/wp\/v2\/posts\/38903\/revisions"}],"predecessor-version":[{"id":38906,"href":"https:\/\/grupotiempodigital.com.ar\/index.php?rest_route=\/wp\/v2\/posts\/38903\/revisions\/38906"}],"wp:featuredmedia":[{"embeddable":true,"href":"https:\/\/grupotiempodigital.com.ar\/index.php?rest_route=\/wp\/v2\/media\/38905"}],"wp:attachment":[{"href":"https:\/\/grupotiempodigital.com.ar\/index.php?rest_route=%2Fwp%2Fv2%2Fmedia&parent=38903"}],"wp:term":[{"taxonomy":"category","embeddable":true,"href":"https:\/\/grupotiempodigital.com.ar\/index.php?rest_route=%2Fwp%2Fv2%2Fcategories&post=38903"},{"taxonomy":"post_tag","embeddable":true,"href":"https:\/\/grupotiempodigital.com.ar\/index.php?rest_route=%2Fwp%2Fv2%2Ftags&post=38903"}],"curies":[{"name":"wp","href":"https:\/\/api.w.org\/{rel}","templated":true}]}}