{"id":38220,"date":"2022-04-05T21:03:02","date_gmt":"2022-04-06T00:03:02","guid":{"rendered":"https:\/\/grupotiempodigital.com.ar\/?p=38220"},"modified":"2022-04-05T21:05:52","modified_gmt":"2022-04-06T00:05:52","slug":"este-sabado-en-chascomus-se-realizara-la-megafiesta-roja-union-deportiva-vuelve","status":"publish","type":"post","link":"https:\/\/grupotiempodigital.com.ar\/?p=38220","title":{"rendered":"Este s\u00e1bado en Chascom\u00fas se realizar\u00e1 la megafiesta roja \u201cUni\u00f3n Deportiva vuelve\u201d"},"content":{"rendered":"<p><em>Por Ximena B. Xiong<\/em><\/p>\n<p><a href=\"https:\/\/grupotiempodigital.com.ar\/wp-content\/uploads\/2022\/04\/Pena-Union-Cronograma.jpeg\"><img loading=\"lazy\" decoding=\"async\" class=\"alignleft size-medium wp-image-38222\" src=\"https:\/\/grupotiempodigital.com.ar\/wp-content\/uploads\/2022\/04\/Pena-Union-Cronograma-300x300.jpeg\" alt=\"\" width=\"300\" height=\"300\" srcset=\"https:\/\/grupotiempodigital.com.ar\/wp-content\/uploads\/2022\/04\/Pena-Union-Cronograma-300x300.jpeg 300w, https:\/\/grupotiempodigital.com.ar\/wp-content\/uploads\/2022\/04\/Pena-Union-Cronograma-1024x1024.jpeg 1024w, https:\/\/grupotiempodigital.com.ar\/wp-content\/uploads\/2022\/04\/Pena-Union-Cronograma-150x150.jpeg 150w, https:\/\/grupotiempodigital.com.ar\/wp-content\/uploads\/2022\/04\/Pena-Union-Cronograma-768x768.jpeg 768w, https:\/\/grupotiempodigital.com.ar\/wp-content\/uploads\/2022\/04\/Pena-Union-Cronograma.jpeg 1080w\" sizes=\"auto, (max-width: 300px) 100vw, 300px\" \/><\/a><\/p>\n<p>Este s\u00e1bado, 9 de abril, a partir de las 16hs se llevar\u00e1 a cabo la \u201cMegafiesta del rojo\u201d en las instalaciones del Centro Cultural Vieja Estaci\u00f3n, ubicada en calle Belgrano 344, con entrada libre y gratuita. El festival y pe\u00f1a, organizado por el Club Uni\u00f3n Deportiva Chascom\u00fas, tendr\u00e1 como fin recaudar fondos para la instituci\u00f3n.<\/p>\n<p>En los medios de Grupo Tiempo, dialogamos con el primer vocal suplente de la Comisi\u00f3n Directiva del Club Uni\u00f3n Deportiva Chascom\u00fas, Gerardo Toffani, quien brind\u00f3 detalles del festival.<\/p>\n<p>\u201cEl club venia pr\u00e1cticamente con las puertas cerradas y como comisi\u00f3n venimos trabajando para volver a levantar el club en un lugar en donde siempre estuvo, desde el rol social hasta lo deportivo y por sobre todo trabajar con los chicos y arrimar disciplinas al club\u201d, se\u00f1al\u00f3 Toffani.<\/p>\n<p>Por tal motivo, el evento denominado \u201cMegafiesta roja\u201d bajo el lema \u201cUni\u00f3n Deportiva vuelve\u201d tendr\u00e1 como finalidad recaudar fondos para el club debido a que \u201cvenimos trabajando para recuperar la infraestructura, a su vez, poni\u00e9ndole ficha a lo que es el futuro que es el predio que est\u00e1 ubicado en calle Grito de Dolores, donde ya hay canchas de futbol y planteles que est\u00e1n participando en la Liga despu\u00e9s de dos a\u00f1os\u201d.<br \/>\n\u201cPor eso realizamos este festival para mostrar a la sociedad que el club est\u00e1 vivo, que tiene ganas de volver y de insertarse nuevamente en el deporte y de cumplir el rol social\u201d, remarc\u00f3 el primer vocal suplente de la instituci\u00f3n roja.<br \/>\nConsultado sobre lo que fue el regreso a las actividades deportivas y sociales, tras aquellos dif\u00edciles meses de pandemia por coronavirus, Toffani mencion\u00f3 que \u201cfue un sacrificio enorme, por eso el evento del s\u00e1bado es para juntar fondos\u201d.<br \/>\n\u201cTenemos esperanza de que salga bien -continu\u00f3- y tengo que agradecerle a cada uno de los artistas que van a estar, porque soy de la idea de que cada artista deber\u00eda cobrar y ellos desinteresadamente aceptaron darnos una mano al club\u201d.<br \/>\nRespecto a los artistas que estar\u00e1n presentes este s\u00e1bado en la Vieja Estaci\u00f3n, Toffani detall\u00f3 que habr\u00e1 un variado repertorio de todo tipo de m\u00fasica, tanto para adolescentes y para las personas amantes del folklore.<br \/>\n<strong>-Las instalaciones del Club Uni\u00f3n Deportiva de Chascom\u00fas ser\u00e1 centro de vacunaci\u00f3n contra la gripe <\/strong><br \/>\nPor otro lado, el primer vocal suplente del rojo mencion\u00f3 en los medios de Grupo Tiempo que \u201cen el club de Uni\u00f3n Deportiva se va a llevar a cabo la vacunaci\u00f3n antigripal. Estamos trabajando articuladamente con el equipo de salud. Estamos codo a codo junto con la municipalidad\u201d.<br \/>\n\u201cEstuvieron viendo las instalaciones del club y seguramente cuando est\u00e9n las vacunas se va arrancar en la sede de calle Soler\u201d, anunci\u00f3 Toffani, que por el momento se estima que el sector para la vacunaci\u00f3n antigripal ser\u00e1 en el buffet del club.<br \/>\nCabe resaltar que por el momento no hay confirmaci\u00f3n, por parte del \u00e1rea de salud de la municipalidad de Chascom\u00fas, sobre comienzo de funcionamiento de lo que ser\u00e1 el centro de vacunaci\u00f3n antigripal en la sede del club.<br \/>\n&nbsp;<br \/>\nESCUCHA LA ENTREVISTA COMPLETATiempo Televisi\u00f3n Informa &#8211; 05 de Abril de 2022<br \/>\n<iframe loading=\"lazy\" src=\"https:\/\/drive.google.com\/file\/d\/1T6ThLodmoPTrPUQoLaUqdnuGvpxIbh9H\/preview\" width=\"640\" height=\"80\" allow=\"autoplay\"><\/iframe><\/p>\n","protected":false},"excerpt":{"rendered":"<p>Por Ximena B. Xiong Este s\u00e1bado, 9 de abril, a partir de las 16hs se llevar\u00e1 a cabo la \u201cMegafiesta<\/p>\n","protected":false},"author":3,"featured_media":0,"comment_status":"open","ping_status":"open","sticky":false,"template":"","format":"standard","meta":{"colormag_page_container_layout":"default_layout","colormag_page_sidebar_layout":"default_layout","footnotes":""},"categories":[1,38,43],"tags":[],"class_list":["post-38220","post","type-post","status-publish","format-standard","hentry","category-actualidad","category-destacadas","category-notas-con-audio"],"_links":{"self":[{"href":"https:\/\/grupotiempodigital.com.ar\/index.php?rest_route=\/wp\/v2\/posts\/38220","targetHints":{"allow":["GET"]}}],"collection":[{"href":"https:\/\/grupotiempodigital.com.ar\/index.php?rest_route=\/wp\/v2\/posts"}],"about":[{"href":"https:\/\/grupotiempodigital.com.ar\/index.php?rest_route=\/wp\/v2\/types\/post"}],"author":[{"embeddable":true,"href":"https:\/\/grupotiempodigital.com.ar\/index.php?rest_route=\/wp\/v2\/users\/3"}],"replies":[{"embeddable":true,"href":"https:\/\/grupotiempodigital.com.ar\/index.php?rest_route=%2Fwp%2Fv2%2Fcomments&post=38220"}],"version-history":[{"count":5,"href":"https:\/\/grupotiempodigital.com.ar\/index.php?rest_route=\/wp\/v2\/posts\/38220\/revisions"}],"predecessor-version":[{"id":38228,"href":"https:\/\/grupotiempodigital.com.ar\/index.php?rest_route=\/wp\/v2\/posts\/38220\/revisions\/38228"}],"wp:attachment":[{"href":"https:\/\/grupotiempodigital.com.ar\/index.php?rest_route=%2Fwp%2Fv2%2Fmedia&parent=38220"}],"wp:term":[{"taxonomy":"category","embeddable":true,"href":"https:\/\/grupotiempodigital.com.ar\/index.php?rest_route=%2Fwp%2Fv2%2Fcategories&post=38220"},{"taxonomy":"post_tag","embeddable":true,"href":"https:\/\/grupotiempodigital.com.ar\/index.php?rest_route=%2Fwp%2Fv2%2Ftags&post=38220"}],"curies":[{"name":"wp","href":"https:\/\/api.w.org\/{rel}","templated":true}]}}