{"id":37068,"date":"2022-02-22T20:11:01","date_gmt":"2022-02-22T23:11:01","guid":{"rendered":"https:\/\/grupotiempodigital.com.ar\/?p=37068"},"modified":"2022-02-22T20:11:01","modified_gmt":"2022-02-22T23:11:01","slug":"jefatura-policia-seguridad-comunal-gral-paz-varios-hechos-delictivos","status":"publish","type":"post","link":"https:\/\/grupotiempodigital.com.ar\/?p=37068","title":{"rendered":"Jefatura Polic\u00eda Seguridad Comunal Gral. Paz: Varios hechos delictivos"},"content":{"rendered":"<p><strong>Caso 1: <\/strong>Por intermedio de la presente informo a Uds. que en relaci\u00f3n a los hechos de \u201cViolencia de Genero\u201d que padecieron cuatro v\u00edctimas en este partido de General Paz, las cuales realizaron la correspondiente denuncia, la polic\u00eda local y personal de destacamentos, procedi\u00f3 a la aprehensi\u00f3n de cuatro sujetos de sexo masculino todos oriundos de la zona, quienes intentaron acercarse a su denunciante, con intensi\u00f3n de ocasionarles da\u00f1os f\u00edsicos y\/o psicol\u00f3gicos, como as\u00ed tambi\u00e9n a su c\u00edrculo familiar, no respetando las medidas cautelares de cese de perturbaci\u00f3n y medidas perimetrales. Que a ra\u00edz de la celeridad de los efectivos policiales, pudieron dan respuestas inmediatas, poniendo a los agresores a disposici\u00f3n de la Justicia. Intervino Ayudant\u00eda Fiscal local, quien ordeno actuaciones de rigor por el delito de \u201cDesobediencia art\u00edculo 239 del CP\u201d. &#8211;<\/p>\n<p><strong>CASO 2: <\/strong>Informo a uds. que personal de la \u201cComisaria de Ranchos\u201d procedi\u00f3 a la aprehensi\u00f3n de dos sujetos masculinos, mayores de edad, oriundos de esta localidad, luego de recibirse llamado telef\u00f3nico a la oficina de guardia de la dependencia, de parte de un comercio del rubro de helader\u00eda ubicada en calle Luis Giles y Mitre, dando cuenta que un sujeto masculino, hab\u00eda ingresado al local y mediante intimidaci\u00f3n verbal le exigi\u00f3 en reiteradas oportunidades la entrega del dinero de la caja registradora, retir\u00e1ndose luego a los pocos segundos al percatarse que ingresaban varios cliente al interior. Se pudo establecer que el mismo se encontraba acompa\u00f1ado por otro sujeto que merodeaba la zona. Intervino Ayudant\u00eda Fiscal local, quien ordeno actuaciones de rigor por el delito de \u201cRobo en grado de tentativa\u201d\u201d. &#8211;<\/p>\n<p><strong>Caso 3:\u00a0<\/strong>Informo a uds., que con fecha 8 de febrero, en horas del mediod\u00eda y en el marco Investigaci\u00f3n Penal Preparatoria (I.P.P) caratulada \u201cRobo\u201d, donde autor\/res ignorados sustraen a un vecino de la localidad de Loma Verde, \u201cUn Carro Transportador de Rollos de pasto\u201d, hecho que fuera denunciado con fecha 25 de enero. Que a ra\u00edz de investigaciones a trav\u00e9s de la red social Facebook, se pudo establecer que un usuario estaba ofreciendo a la venta lo sustra\u00eddo, en la localidad de Navarro distante a 120 kil\u00f3metros de Loma Verde. Que inmediatamente se dispuso personal policial destacado a cargo del Jefe de Destacamento Policial Loma Verde Oficial Ppal. Prieto Ismael, los fines de dar con el carro e individualizar a quienes intentaban comercializarlo. Haciendo constar la incansable colaboraci\u00f3n del denunciante y allegados. Que se logr\u00f3 dar con las personas que lo ofrec\u00edan y el galp\u00f3n donde pose\u00edan su guarda. Que en el lugar la Ayudant\u00eda Fiscal General Paz ordeno la incautaci\u00f3n del mismo. Que los investigadores individualizaron al poseedor del carro y a la persona que traslado el carro hacia esa localidad, quienes fueron puestos inmediatamente a disposici\u00f3n de la Justicia. Cabe destacar que se continuara indagando sobre el hecho en cuesti\u00f3n y se solicitara la colaboraci\u00f3n de diferentes dependencias policiales de la zona con el objetivo de desarticular un grupo de delincuentes que azota a varios Partidos con la misma tem\u00e1tica de delitos rurales.<\/p>\n<div id='gallery-1' class='gallery galleryid-37068 gallery-columns-3 gallery-size-full'><figure class='gallery-item'>\n\t\t\t<div class='gallery-icon portrait'>\n\t\t\t\t<a href='https:\/\/grupotiempodigital.com.ar\/?attachment_id=37069'><img loading=\"lazy\" decoding=\"async\" width=\"586\" height=\"1017\" src=\"https:\/\/grupotiempodigital.com.ar\/wp-content\/uploads\/2022\/02\/WhatsApp-Image-2022-02-22-at-16.34.22-2.jpeg\" class=\"attachment-full size-full\" alt=\"\" srcset=\"https:\/\/grupotiempodigital.com.ar\/wp-content\/uploads\/2022\/02\/WhatsApp-Image-2022-02-22-at-16.34.22-2.jpeg 586w, https:\/\/grupotiempodigital.com.ar\/wp-content\/uploads\/2022\/02\/WhatsApp-Image-2022-02-22-at-16.34.22-2-173x300.jpeg 173w\" sizes=\"auto, (max-width: 586px) 100vw, 586px\" \/><\/a>\n\t\t\t<\/div><\/figure><figure class='gallery-item'>\n\t\t\t<div class='gallery-icon portrait'>\n\t\t\t\t<a href='https:\/\/grupotiempodigital.com.ar\/?attachment_id=37070'><img loading=\"lazy\" decoding=\"async\" width=\"692\" height=\"1280\" src=\"https:\/\/grupotiempodigital.com.ar\/wp-content\/uploads\/2022\/02\/WhatsApp-Image-2022-02-22-at-16.58.44.jpeg\" class=\"attachment-full size-full\" alt=\"\" srcset=\"https:\/\/grupotiempodigital.com.ar\/wp-content\/uploads\/2022\/02\/WhatsApp-Image-2022-02-22-at-16.58.44.jpeg 692w, https:\/\/grupotiempodigital.com.ar\/wp-content\/uploads\/2022\/02\/WhatsApp-Image-2022-02-22-at-16.58.44-162x300.jpeg 162w, https:\/\/grupotiempodigital.com.ar\/wp-content\/uploads\/2022\/02\/WhatsApp-Image-2022-02-22-at-16.58.44-554x1024.jpeg 554w\" sizes=\"auto, (max-width: 692px) 100vw, 692px\" \/><\/a>\n\t\t\t<\/div><\/figure><figure class='gallery-item'>\n\t\t\t<div class='gallery-icon landscape'>\n\t\t\t\t<a href='https:\/\/grupotiempodigital.com.ar\/?attachment_id=37071'><img loading=\"lazy\" decoding=\"async\" width=\"1280\" height=\"1012\" src=\"https:\/\/grupotiempodigital.com.ar\/wp-content\/uploads\/2022\/02\/WhatsApp-Image-2022-02-22-at-17.22.15.jpeg\" class=\"attachment-full size-full\" alt=\"\" srcset=\"https:\/\/grupotiempodigital.com.ar\/wp-content\/uploads\/2022\/02\/WhatsApp-Image-2022-02-22-at-17.22.15.jpeg 1280w, https:\/\/grupotiempodigital.com.ar\/wp-content\/uploads\/2022\/02\/WhatsApp-Image-2022-02-22-at-17.22.15-300x237.jpeg 300w, https:\/\/grupotiempodigital.com.ar\/wp-content\/uploads\/2022\/02\/WhatsApp-Image-2022-02-22-at-17.22.15-1024x810.jpeg 1024w, https:\/\/grupotiempodigital.com.ar\/wp-content\/uploads\/2022\/02\/WhatsApp-Image-2022-02-22-at-17.22.15-768x607.jpeg 768w\" sizes=\"auto, (max-width: 1280px) 100vw, 1280px\" \/><\/a>\n\t\t\t<\/div><\/figure><figure class='gallery-item'>\n\t\t\t<div class='gallery-icon landscape'>\n\t\t\t\t<a href='https:\/\/grupotiempodigital.com.ar\/?attachment_id=37072'><img loading=\"lazy\" decoding=\"async\" width=\"1280\" height=\"1163\" src=\"https:\/\/grupotiempodigital.com.ar\/wp-content\/uploads\/2022\/02\/WhatsApp-Image-2022-02-22-at-17.22.16-2.jpeg\" class=\"attachment-full size-full\" alt=\"\" srcset=\"https:\/\/grupotiempodigital.com.ar\/wp-content\/uploads\/2022\/02\/WhatsApp-Image-2022-02-22-at-17.22.16-2.jpeg 1280w, https:\/\/grupotiempodigital.com.ar\/wp-content\/uploads\/2022\/02\/WhatsApp-Image-2022-02-22-at-17.22.16-2-300x273.jpeg 300w, https:\/\/grupotiempodigital.com.ar\/wp-content\/uploads\/2022\/02\/WhatsApp-Image-2022-02-22-at-17.22.16-2-1024x930.jpeg 1024w, https:\/\/grupotiempodigital.com.ar\/wp-content\/uploads\/2022\/02\/WhatsApp-Image-2022-02-22-at-17.22.16-2-768x698.jpeg 768w\" sizes=\"auto, (max-width: 1280px) 100vw, 1280px\" \/><\/a>\n\t\t\t<\/div><\/figure><figure class='gallery-item'>\n\t\t\t<div class='gallery-icon portrait'>\n\t\t\t\t<a href='https:\/\/grupotiempodigital.com.ar\/?attachment_id=37073'><img loading=\"lazy\" decoding=\"async\" width=\"960\" height=\"1280\" src=\"https:\/\/grupotiempodigital.com.ar\/wp-content\/uploads\/2022\/02\/WhatsApp-Image-2022-02-22-at-17.22.16-1.jpeg\" class=\"attachment-full size-full\" alt=\"\" srcset=\"https:\/\/grupotiempodigital.com.ar\/wp-content\/uploads\/2022\/02\/WhatsApp-Image-2022-02-22-at-17.22.16-1.jpeg 960w, https:\/\/grupotiempodigital.com.ar\/wp-content\/uploads\/2022\/02\/WhatsApp-Image-2022-02-22-at-17.22.16-1-225x300.jpeg 225w, https:\/\/grupotiempodigital.com.ar\/wp-content\/uploads\/2022\/02\/WhatsApp-Image-2022-02-22-at-17.22.16-1-768x1024.jpeg 768w\" sizes=\"auto, (max-width: 960px) 100vw, 960px\" \/><\/a>\n\t\t\t<\/div><\/figure><figure class='gallery-item'>\n\t\t\t<div class='gallery-icon landscape'>\n\t\t\t\t<a href='https:\/\/grupotiempodigital.com.ar\/?attachment_id=37074'><img loading=\"lazy\" decoding=\"async\" width=\"1280\" height=\"960\" src=\"https:\/\/grupotiempodigital.com.ar\/wp-content\/uploads\/2022\/02\/WhatsApp-Image-2022-02-22-at-17.22.16.jpeg\" class=\"attachment-full size-full\" alt=\"\" srcset=\"https:\/\/grupotiempodigital.com.ar\/wp-content\/uploads\/2022\/02\/WhatsApp-Image-2022-02-22-at-17.22.16.jpeg 1280w, https:\/\/grupotiempodigital.com.ar\/wp-content\/uploads\/2022\/02\/WhatsApp-Image-2022-02-22-at-17.22.16-300x225.jpeg 300w, https:\/\/grupotiempodigital.com.ar\/wp-content\/uploads\/2022\/02\/WhatsApp-Image-2022-02-22-at-17.22.16-1024x768.jpeg 1024w, https:\/\/grupotiempodigital.com.ar\/wp-content\/uploads\/2022\/02\/WhatsApp-Image-2022-02-22-at-17.22.16-768x576.jpeg 768w, https:\/\/grupotiempodigital.com.ar\/wp-content\/uploads\/2022\/02\/WhatsApp-Image-2022-02-22-at-17.22.16-160x120.jpeg 160w\" sizes=\"auto, (max-width: 1280px) 100vw, 1280px\" \/><\/a>\n\t\t\t<\/div><\/figure><figure class='gallery-item'>\n\t\t\t<div class='gallery-icon portrait'>\n\t\t\t\t<a href='https:\/\/grupotiempodigital.com.ar\/?attachment_id=37075'><img loading=\"lazy\" decoding=\"async\" width=\"589\" height=\"903\" src=\"https:\/\/grupotiempodigital.com.ar\/wp-content\/uploads\/2022\/02\/WhatsApp-Image-2022-02-22-at-16.34.22-1.jpeg\" class=\"attachment-full size-full\" alt=\"\" srcset=\"https:\/\/grupotiempodigital.com.ar\/wp-content\/uploads\/2022\/02\/WhatsApp-Image-2022-02-22-at-16.34.22-1.jpeg 589w, https:\/\/grupotiempodigital.com.ar\/wp-content\/uploads\/2022\/02\/WhatsApp-Image-2022-02-22-at-16.34.22-1-196x300.jpeg 196w\" sizes=\"auto, (max-width: 589px) 100vw, 589px\" \/><\/a>\n\t\t\t<\/div><\/figure><figure class='gallery-item'>\n\t\t\t<div class='gallery-icon portrait'>\n\t\t\t\t<a href='https:\/\/grupotiempodigital.com.ar\/?attachment_id=37076'><img loading=\"lazy\" decoding=\"async\" width=\"689\" height=\"1280\" src=\"https:\/\/grupotiempodigital.com.ar\/wp-content\/uploads\/2022\/02\/WhatsApp-Image-2022-02-22-at-16.34.22.jpeg\" class=\"attachment-full size-full\" alt=\"\" srcset=\"https:\/\/grupotiempodigital.com.ar\/wp-content\/uploads\/2022\/02\/WhatsApp-Image-2022-02-22-at-16.34.22.jpeg 689w, https:\/\/grupotiempodigital.com.ar\/wp-content\/uploads\/2022\/02\/WhatsApp-Image-2022-02-22-at-16.34.22-161x300.jpeg 161w, https:\/\/grupotiempodigital.com.ar\/wp-content\/uploads\/2022\/02\/WhatsApp-Image-2022-02-22-at-16.34.22-551x1024.jpeg 551w\" sizes=\"auto, (max-width: 689px) 100vw, 689px\" \/><\/a>\n\t\t\t<\/div><\/figure>\n\t\t<\/div>\n\n<p><strong>Fdo. Comisario Inspector Patricio A. Caballero Jefe J.P.SC. Gral. Paz.<\/strong><\/p>\n","protected":false},"excerpt":{"rendered":"<p>Caso 1: Por intermedio de la presente informo a Uds. que en relaci\u00f3n a los hechos de \u201cViolencia de Genero\u201d<\/p>\n","protected":false},"author":3,"featured_media":35577,"comment_status":"open","ping_status":"open","sticky":false,"template":"","format":"standard","meta":{"colormag_page_container_layout":"default_layout","colormag_page_sidebar_layout":"default_layout","footnotes":""},"categories":[1,38,44,39],"tags":[],"class_list":["post-37068","post","type-post","status-publish","format-standard","has-post-thumbnail","hentry","category-actualidad","category-destacadas","category-general-paz","category-policiales"],"_links":{"self":[{"href":"https:\/\/grupotiempodigital.com.ar\/index.php?rest_route=\/wp\/v2\/posts\/37068","targetHints":{"allow":["GET"]}}],"collection":[{"href":"https:\/\/grupotiempodigital.com.ar\/index.php?rest_route=\/wp\/v2\/posts"}],"about":[{"href":"https:\/\/grupotiempodigital.com.ar\/index.php?rest_route=\/wp\/v2\/types\/post"}],"author":[{"embeddable":true,"href":"https:\/\/grupotiempodigital.com.ar\/index.php?rest_route=\/wp\/v2\/users\/3"}],"replies":[{"embeddable":true,"href":"https:\/\/grupotiempodigital.com.ar\/index.php?rest_route=%2Fwp%2Fv2%2Fcomments&post=37068"}],"version-history":[{"count":1,"href":"https:\/\/grupotiempodigital.com.ar\/index.php?rest_route=\/wp\/v2\/posts\/37068\/revisions"}],"predecessor-version":[{"id":37077,"href":"https:\/\/grupotiempodigital.com.ar\/index.php?rest_route=\/wp\/v2\/posts\/37068\/revisions\/37077"}],"wp:featuredmedia":[{"embeddable":true,"href":"https:\/\/grupotiempodigital.com.ar\/index.php?rest_route=\/wp\/v2\/media\/35577"}],"wp:attachment":[{"href":"https:\/\/grupotiempodigital.com.ar\/index.php?rest_route=%2Fwp%2Fv2%2Fmedia&parent=37068"}],"wp:term":[{"taxonomy":"category","embeddable":true,"href":"https:\/\/grupotiempodigital.com.ar\/index.php?rest_route=%2Fwp%2Fv2%2Fcategories&post=37068"},{"taxonomy":"post_tag","embeddable":true,"href":"https:\/\/grupotiempodigital.com.ar\/index.php?rest_route=%2Fwp%2Fv2%2Ftags&post=37068"}],"curies":[{"name":"wp","href":"https:\/\/api.w.org\/{rel}","templated":true}]}}