{"id":37060,"date":"2022-02-22T09:23:07","date_gmt":"2022-02-22T12:23:07","guid":{"rendered":"https:\/\/grupotiempodigital.com.ar\/?p=37060"},"modified":"2022-02-22T09:23:07","modified_gmt":"2022-02-22T12:23:07","slug":"ajedrez-alejandro-taus-participo-del-torneo-sub-2400-en-el-club-argentino","status":"publish","type":"post","link":"https:\/\/grupotiempodigital.com.ar\/?p=37060","title":{"rendered":"AJEDREZ: Alejandro Taus participo del torneo Sub 2400 en el Club Argentino"},"content":{"rendered":"<p>Se siguen llevando a cabo en el prestigioso Club Argentino de Ajedrez de la ciudad de Bs As, torneos IRT (Torneo por Ranking Internacional) en esta oportunidad se jugaron entre los d\u00edas 18 y 20 de febrero para jugadores con menos de 2400 puntos de ELO.<br \/>\nSe disputaron 6 partidas con un tiempo de juego de 1 hora por jugador m\u00e1s 30 segundos de incremento por jugada. Con un total de 62 jugadores de la regi\u00f3n e internacionales de Ecuador y Venezuela.<br \/>\nEl campe\u00f3n result\u00f3 ser Ian Ocampos de Capital con un total de 5,5 pts.<br \/>\nAlejandro Taus junto a Alberto Celada de Belgrano se hicieron presentes para participar de dicho evento. Alejandro por su parte logro 4 puntos (3 victorias, 2 empates, uno por pedido de libre y una derrota) y qued\u00f3 en el 8vo puesto, finalmente el desempate lo ubico en el 13er puesto. Alberto finaliz\u00f3 con 2,5 puntos culminando en el puesto 39\u00b0.<br \/>\nLos adversarios de A. Taus fueron:<\/p>\n<p>&nbsp;<\/p>\n<table style=\"height: 263px;\" width=\"585\">\n<tbody>\n<tr>\n<td width=\"84\"><strong>Ronda<\/strong><\/td>\n<td width=\"173\"><strong>Rival<\/strong><\/td>\n<td width=\"64\"><strong>ELO<\/strong><\/td>\n<td width=\"69\"><strong>FED<\/strong><\/td>\n<td width=\"67\"><strong>Res<\/strong><\/td>\n<\/tr>\n<tr>\n<td width=\"84\"><strong>1<\/strong><\/td>\n<td width=\"173\"><strong>Libre (pedido)<\/strong><\/td>\n<td width=\"64\"><\/td>\n<td width=\"69\"><\/td>\n<td width=\"67\"><strong>\u00bd<\/strong><\/td>\n<\/tr>\n<tr>\n<td width=\"84\"><strong>2<\/strong><\/td>\n<td width=\"173\"><strong>Iv\u00e1n Milano\u00a0<\/strong><\/td>\n<td width=\"64\"><strong>1571<\/strong><\/td>\n<td width=\"69\"><strong>ARG<\/strong><\/td>\n<td width=\"67\"><strong>1<\/strong><\/td>\n<\/tr>\n<tr>\n<td width=\"84\"><strong>3<\/strong><\/td>\n<td width=\"173\"><strong>Mauricio Fern\u00e1ndez<\/strong><\/td>\n<td width=\"64\"><strong>1700<\/strong><\/td>\n<td width=\"69\"><strong>ARG<\/strong><\/td>\n<td width=\"67\"><strong>0<\/strong><\/td>\n<\/tr>\n<tr>\n<td width=\"84\"><strong>4<\/strong><\/td>\n<td width=\"173\"><strong>Mario Rivero<\/strong><\/td>\n<td width=\"64\"><strong>1627<\/strong><\/td>\n<td width=\"69\"><strong>ARG<\/strong><\/td>\n<td width=\"67\"><strong>1<\/strong><\/td>\n<\/tr>\n<tr>\n<td width=\"84\"><strong>5<\/strong><\/td>\n<td width=\"173\"><strong>Franco Ferrari<\/strong><\/td>\n<td width=\"64\"><strong>1752<\/strong><\/td>\n<td width=\"69\"><strong>ARG<\/strong><\/td>\n<td width=\"67\"><strong>1<\/strong><\/td>\n<\/tr>\n<tr>\n<td width=\"84\"><strong>6<\/strong><\/td>\n<td width=\"173\"><strong>Giuliano Vaccaro<\/strong><\/td>\n<td width=\"64\"><strong>1657<\/strong><\/td>\n<td width=\"69\"><strong>ARG<\/strong><\/td>\n<td width=\"67\"><strong>\u00bd<\/strong><\/td>\n<\/tr>\n<\/tbody>\n<\/table>\n<p>Alejandro cuenta con un ranking de 1933.<\/p>\n<p><a href=\"https:\/\/grupotiempodigital.com.ar\/wp-content\/uploads\/2022\/02\/WhatsApp-Image-2022-02-21-at-10.08.22-PM.jpeg\"><img loading=\"lazy\" decoding=\"async\" class=\"aligncenter size-full wp-image-37063\" src=\"https:\/\/grupotiempodigital.com.ar\/wp-content\/uploads\/2022\/02\/WhatsApp-Image-2022-02-21-at-10.08.22-PM.jpeg\" alt=\"\" width=\"659\" height=\"494\" srcset=\"https:\/\/grupotiempodigital.com.ar\/wp-content\/uploads\/2022\/02\/WhatsApp-Image-2022-02-21-at-10.08.22-PM.jpeg 659w, https:\/\/grupotiempodigital.com.ar\/wp-content\/uploads\/2022\/02\/WhatsApp-Image-2022-02-21-at-10.08.22-PM-300x225.jpeg 300w, https:\/\/grupotiempodigital.com.ar\/wp-content\/uploads\/2022\/02\/WhatsApp-Image-2022-02-21-at-10.08.22-PM-160x120.jpeg 160w\" sizes=\"auto, (max-width: 659px) 100vw, 659px\" \/><\/a><\/p>\n<p><strong>\u00a1Empiezan las clases de AJEDREZ!<\/strong><br \/>\nLas clases se llevar\u00e1n a cabo los d\u00edas martes y jueves de 18:30 a 20:30 hs. Dando comienzo el pr\u00f3ximo jueves 3 de marzo.<\/p>\n","protected":false},"excerpt":{"rendered":"<p>Se siguen llevando a cabo en el prestigioso Club Argentino de Ajedrez de la ciudad de Bs As, torneos IRT<\/p>\n","protected":false},"author":3,"featured_media":37062,"comment_status":"open","ping_status":"open","sticky":false,"template":"","format":"standard","meta":{"colormag_page_container_layout":"default_layout","colormag_page_sidebar_layout":"default_layout","footnotes":""},"categories":[1,5,38],"tags":[],"class_list":["post-37060","post","type-post","status-publish","format-standard","has-post-thumbnail","hentry","category-actualidad","category-deportivas","category-destacadas"],"_links":{"self":[{"href":"https:\/\/grupotiempodigital.com.ar\/index.php?rest_route=\/wp\/v2\/posts\/37060","targetHints":{"allow":["GET"]}}],"collection":[{"href":"https:\/\/grupotiempodigital.com.ar\/index.php?rest_route=\/wp\/v2\/posts"}],"about":[{"href":"https:\/\/grupotiempodigital.com.ar\/index.php?rest_route=\/wp\/v2\/types\/post"}],"author":[{"embeddable":true,"href":"https:\/\/grupotiempodigital.com.ar\/index.php?rest_route=\/wp\/v2\/users\/3"}],"replies":[{"embeddable":true,"href":"https:\/\/grupotiempodigital.com.ar\/index.php?rest_route=%2Fwp%2Fv2%2Fcomments&post=37060"}],"version-history":[{"count":2,"href":"https:\/\/grupotiempodigital.com.ar\/index.php?rest_route=\/wp\/v2\/posts\/37060\/revisions"}],"predecessor-version":[{"id":37064,"href":"https:\/\/grupotiempodigital.com.ar\/index.php?rest_route=\/wp\/v2\/posts\/37060\/revisions\/37064"}],"wp:featuredmedia":[{"embeddable":true,"href":"https:\/\/grupotiempodigital.com.ar\/index.php?rest_route=\/wp\/v2\/media\/37062"}],"wp:attachment":[{"href":"https:\/\/grupotiempodigital.com.ar\/index.php?rest_route=%2Fwp%2Fv2%2Fmedia&parent=37060"}],"wp:term":[{"taxonomy":"category","embeddable":true,"href":"https:\/\/grupotiempodigital.com.ar\/index.php?rest_route=%2Fwp%2Fv2%2Fcategories&post=37060"},{"taxonomy":"post_tag","embeddable":true,"href":"https:\/\/grupotiempodigital.com.ar\/index.php?rest_route=%2Fwp%2Fv2%2Ftags&post=37060"}],"curies":[{"name":"wp","href":"https:\/\/api.w.org\/{rel}","templated":true}]}}