{"id":37035,"date":"2022-02-20T21:50:57","date_gmt":"2022-02-21T00:50:57","guid":{"rendered":"https:\/\/grupotiempodigital.com.ar\/?p=37035"},"modified":"2022-02-20T21:50:57","modified_gmt":"2022-02-21T00:50:57","slug":"soria-porcel-ganaron-la-copa-senior-del-argentino-y-fueron-segundos-en-la-junior-del-mar-y-sierras","status":"publish","type":"post","link":"https:\/\/grupotiempodigital.com.ar\/?p=37035","title":{"rendered":"SORIA-PORCEL GANARON LA COPA SENIOR DEL ARGENTINO Y FUERON SEGUNDOS EN LA JUNIOR DEL MAR Y SIERRAS"},"content":{"rendered":"<p>Finalmente la 41\u00b0 edici\u00f3n del Pagos del Tuy\u00fa culmin\u00f3 de gran forma y ante una multitud que le di\u00f3 marco a la apertura de la temporada 2022 del Rally Argentino y del Mar y Sierras.<br \/>\nLa carrera en la m\u00e1xima fue ganada por el piloto nacional radicado en Chile, Marin Scuncio junto a Jos\u00e9 D\u00edaz integrantes de la clase R5. Por su parte el Mar y Sierras vi\u00f3 ganador al binomio campe\u00f3n integrado por Rodrigo Disalvo-Andres Pissaco.<br \/>\nEn lo que respecta a nuestros participantes, gran actuaci\u00f3n tuvo la tripulaci\u00f3n integrada por Juan Soria y el ranchero Alan Porcel quienes dentro del rally Argentino se quedaron con la Copa Senior (reservada para pilotos mayores de 55 a\u00f1os) adem\u00e1s de finalizar quintos en la clase RC3. Tambi\u00e9n subieron al podio en el campamento Mar y Sierras siendo segundos en la clase Junior detr\u00e1s de Mario Llinas. As\u00ed redondearon una gran actuaci\u00f3n siendo parte de la premiaci\u00f3n en los dos campeonatos.<br \/>\nB. FERREYRA CULMIN\u00d3 LA SEGUNDA ETAPA.<br \/>\nPor otro lado Braian Ferreyra, navegando a Luis Marcotti pudieron cumplir con la segunda etapa en la clase Maxi Rally Turbo del Mar y Sierras, llegando en la cuarta colocaci\u00f3n del d\u00eda. Recordemos que ayer debieron desertar r\u00e1pidamente por problemas el\u00e9ctricos del Peugeot 208.<br \/>\nLa segunda competencia del Mar y Sierras ser\u00e1 por los caminos de nuestro distrito a mediados del mes entrante.<\/p>\n<p><a href=\"https:\/\/grupotiempodigital.com.ar\/wp-content\/uploads\/2022\/02\/IMG-20220220-WA0003.jpg\"><img loading=\"lazy\" decoding=\"async\" class=\"aligncenter size-full wp-image-37036\" src=\"https:\/\/grupotiempodigital.com.ar\/wp-content\/uploads\/2022\/02\/IMG-20220220-WA0003.jpg\" alt=\"\" width=\"958\" height=\"1280\" srcset=\"https:\/\/grupotiempodigital.com.ar\/wp-content\/uploads\/2022\/02\/IMG-20220220-WA0003.jpg 958w, https:\/\/grupotiempodigital.com.ar\/wp-content\/uploads\/2022\/02\/IMG-20220220-WA0003-225x300.jpg 225w, https:\/\/grupotiempodigital.com.ar\/wp-content\/uploads\/2022\/02\/IMG-20220220-WA0003-766x1024.jpg 766w, https:\/\/grupotiempodigital.com.ar\/wp-content\/uploads\/2022\/02\/IMG-20220220-WA0003-768x1026.jpg 768w\" sizes=\"auto, (max-width: 958px) 100vw, 958px\" \/><\/a> <a href=\"https:\/\/grupotiempodigital.com.ar\/wp-content\/uploads\/2022\/02\/IMG-20220220-WA0002.jpg\"><img loading=\"lazy\" decoding=\"async\" class=\"aligncenter size-full wp-image-37037\" src=\"https:\/\/grupotiempodigital.com.ar\/wp-content\/uploads\/2022\/02\/IMG-20220220-WA0002.jpg\" alt=\"\" width=\"1280\" height=\"853\" srcset=\"https:\/\/grupotiempodigital.com.ar\/wp-content\/uploads\/2022\/02\/IMG-20220220-WA0002.jpg 1280w, https:\/\/grupotiempodigital.com.ar\/wp-content\/uploads\/2022\/02\/IMG-20220220-WA0002-300x200.jpg 300w, https:\/\/grupotiempodigital.com.ar\/wp-content\/uploads\/2022\/02\/IMG-20220220-WA0002-1024x682.jpg 1024w, https:\/\/grupotiempodigital.com.ar\/wp-content\/uploads\/2022\/02\/IMG-20220220-WA0002-768x512.jpg 768w\" sizes=\"auto, (max-width: 1280px) 100vw, 1280px\" \/><\/a> <a href=\"https:\/\/grupotiempodigital.com.ar\/wp-content\/uploads\/2022\/02\/IMG-20220220-WA0001.jpg\"><img loading=\"lazy\" decoding=\"async\" class=\"aligncenter size-full wp-image-37038\" src=\"https:\/\/grupotiempodigital.com.ar\/wp-content\/uploads\/2022\/02\/IMG-20220220-WA0001.jpg\" alt=\"\" width=\"1024\" height=\"768\" srcset=\"https:\/\/grupotiempodigital.com.ar\/wp-content\/uploads\/2022\/02\/IMG-20220220-WA0001.jpg 1024w, https:\/\/grupotiempodigital.com.ar\/wp-content\/uploads\/2022\/02\/IMG-20220220-WA0001-300x225.jpg 300w, https:\/\/grupotiempodigital.com.ar\/wp-content\/uploads\/2022\/02\/IMG-20220220-WA0001-768x576.jpg 768w, https:\/\/grupotiempodigital.com.ar\/wp-content\/uploads\/2022\/02\/IMG-20220220-WA0001-160x120.jpg 160w\" sizes=\"auto, (max-width: 1024px) 100vw, 1024px\" \/><\/a><\/p>\n","protected":false},"excerpt":{"rendered":"<p>Finalmente la 41\u00b0 edici\u00f3n del Pagos del Tuy\u00fa culmin\u00f3 de gran forma y ante una multitud que le di\u00f3 marco<\/p>\n","protected":false},"author":3,"featured_media":37036,"comment_status":"open","ping_status":"open","sticky":false,"template":"","format":"standard","meta":{"colormag_page_container_layout":"default_layout","colormag_page_sidebar_layout":"default_layout","footnotes":""},"categories":[1,5,38,44],"tags":[],"class_list":["post-37035","post","type-post","status-publish","format-standard","has-post-thumbnail","hentry","category-actualidad","category-deportivas","category-destacadas","category-general-paz"],"_links":{"self":[{"href":"https:\/\/grupotiempodigital.com.ar\/index.php?rest_route=\/wp\/v2\/posts\/37035","targetHints":{"allow":["GET"]}}],"collection":[{"href":"https:\/\/grupotiempodigital.com.ar\/index.php?rest_route=\/wp\/v2\/posts"}],"about":[{"href":"https:\/\/grupotiempodigital.com.ar\/index.php?rest_route=\/wp\/v2\/types\/post"}],"author":[{"embeddable":true,"href":"https:\/\/grupotiempodigital.com.ar\/index.php?rest_route=\/wp\/v2\/users\/3"}],"replies":[{"embeddable":true,"href":"https:\/\/grupotiempodigital.com.ar\/index.php?rest_route=%2Fwp%2Fv2%2Fcomments&post=37035"}],"version-history":[{"count":1,"href":"https:\/\/grupotiempodigital.com.ar\/index.php?rest_route=\/wp\/v2\/posts\/37035\/revisions"}],"predecessor-version":[{"id":37039,"href":"https:\/\/grupotiempodigital.com.ar\/index.php?rest_route=\/wp\/v2\/posts\/37035\/revisions\/37039"}],"wp:featuredmedia":[{"embeddable":true,"href":"https:\/\/grupotiempodigital.com.ar\/index.php?rest_route=\/wp\/v2\/media\/37036"}],"wp:attachment":[{"href":"https:\/\/grupotiempodigital.com.ar\/index.php?rest_route=%2Fwp%2Fv2%2Fmedia&parent=37035"}],"wp:term":[{"taxonomy":"category","embeddable":true,"href":"https:\/\/grupotiempodigital.com.ar\/index.php?rest_route=%2Fwp%2Fv2%2Fcategories&post=37035"},{"taxonomy":"post_tag","embeddable":true,"href":"https:\/\/grupotiempodigital.com.ar\/index.php?rest_route=%2Fwp%2Fv2%2Ftags&post=37035"}],"curies":[{"name":"wp","href":"https:\/\/api.w.org\/{rel}","templated":true}]}}