{"id":37011,"date":"2022-02-18T12:35:59","date_gmt":"2022-02-18T15:35:59","guid":{"rendered":"https:\/\/grupotiempodigital.com.ar\/?p=37011"},"modified":"2022-02-18T12:35:59","modified_gmt":"2022-02-18T15:35:59","slug":"braian-ferreyra-y-alan-porcel-corren-en-la-apertura-del-el-mar-y-sierras-y-el-argentino","status":"publish","type":"post","link":"https:\/\/grupotiempodigital.com.ar\/?p=37011","title":{"rendered":"BRAIAN FERREYRA Y ALAN PORCEL CORREN EN LA APERTURA DEL   EL MAR Y SIERRAS Y EL ARGENTINO"},"content":{"rendered":"<p>Los caminos de General Madariaga ser\u00e1n escenario de la 41 edici\u00f3n del tradicional \u201cPagos del Tuy\u00fa\u201d, que marcar\u00e1 la apertura de los campeonatos Argentino y Mar y Sierras de rally.<br \/>\nAl igual que en marzo del pasado a\u00f1o, el Rally Argentino se presentar\u00e1 por segundo a\u00f1o consecutivo en caminos del llano de la Provincia de Buenos Aires y consecuentemente compartir\u00e1 fecha con el Mar y Sierras.<br \/>\nEntre las dos categor\u00edas ser\u00e1n m\u00e1s de 100 los binomios que tomar\u00e1n parte de la fecha, entre el viernes 18 y domingo 20 del corriente, quienes seguramente entregar\u00e1n un apasionante espect\u00e1culo para quienes los apasionados del deporte motor.<br \/>\nEntre ellos dos rancheros ser\u00e1n parte de la cita automovil\u00edstica. All\u00ed estar\u00e1n Braian Ferreyra como navegante de Luis Marcotti a bordo del Peugeot 208 Maxi Rally Turbo dentro del Mar y Sierras y Alan Porcel en la butaca derecha del Toyota Etios de la clase RC3 del rally Argentino y Junior del Mar y Sierras, que conduce Juan Soria. Los \u00faltimos mencionados en esta oportunidad corren por los dos campeonatos.<br \/>\nSe espera una gran carrera por los veloces caminos del \u201cPago Gaucho\u201d, que contar\u00e1 con los mejores exponentes de la especialidad.<br \/>\nTodo dar\u00e1 inicio con el Shakedown, el viernes por la tarde sobre el circuito \u201cEl Rebelde\u201d, paso previo a la largada promocional que se llevar\u00e1 a cabo en la intersecci\u00f3n de las calles Mitre e Hipolito Yrigoyen.<br \/>\nLa velocidad comenzar\u00e1 el s\u00e1bado a la hora 10,35 con el especial 1 \u201cLos Horcones-6 de Octubre\u201d; mientras que la segunda etapa tiene previsto comenzar el domingo 8,25 horas, para transitar \u201c6 de octubre-3 Caminos\u201d.<br \/>\nPara finalizar la competencia las tripulaciones deber\u00e1n desandar 140,60 km de velocidad pura y 204,72 km de enlace, para totalizar 345,32 km de carrera.<br \/>\nEn los pr\u00f3ximos d\u00edas, ampliaremos la informaci\u00f3n con el desenlace de la misma.<\/p>\n<div id='gallery-1' class='gallery galleryid-37011 gallery-columns-3 gallery-size-full'><figure class='gallery-item'>\n\t\t\t<div class='gallery-icon landscape'>\n\t\t\t\t<a href='https:\/\/grupotiempodigital.com.ar\/?attachment_id=37013'><img loading=\"lazy\" decoding=\"async\" width=\"1280\" height=\"960\" src=\"https:\/\/grupotiempodigital.com.ar\/wp-content\/uploads\/2022\/02\/Alan-Porcel-Madariaga-2.jpeg\" class=\"attachment-full size-full\" alt=\"\" srcset=\"https:\/\/grupotiempodigital.com.ar\/wp-content\/uploads\/2022\/02\/Alan-Porcel-Madariaga-2.jpeg 1280w, https:\/\/grupotiempodigital.com.ar\/wp-content\/uploads\/2022\/02\/Alan-Porcel-Madariaga-2-300x225.jpeg 300w, https:\/\/grupotiempodigital.com.ar\/wp-content\/uploads\/2022\/02\/Alan-Porcel-Madariaga-2-1024x768.jpeg 1024w, https:\/\/grupotiempodigital.com.ar\/wp-content\/uploads\/2022\/02\/Alan-Porcel-Madariaga-2-768x576.jpeg 768w, https:\/\/grupotiempodigital.com.ar\/wp-content\/uploads\/2022\/02\/Alan-Porcel-Madariaga-2-160x120.jpeg 160w\" sizes=\"auto, (max-width: 1280px) 100vw, 1280px\" \/><\/a>\n\t\t\t<\/div><\/figure><figure class='gallery-item'>\n\t\t\t<div class='gallery-icon landscape'>\n\t\t\t\t<a href='https:\/\/grupotiempodigital.com.ar\/?attachment_id=37014'><img loading=\"lazy\" decoding=\"async\" width=\"1600\" height=\"1200\" src=\"https:\/\/grupotiempodigital.com.ar\/wp-content\/uploads\/2022\/02\/Brianj-Ferreyra-Madariaga.jpeg\" class=\"attachment-full size-full\" alt=\"\" srcset=\"https:\/\/grupotiempodigital.com.ar\/wp-content\/uploads\/2022\/02\/Brianj-Ferreyra-Madariaga.jpeg 1600w, https:\/\/grupotiempodigital.com.ar\/wp-content\/uploads\/2022\/02\/Brianj-Ferreyra-Madariaga-300x225.jpeg 300w, https:\/\/grupotiempodigital.com.ar\/wp-content\/uploads\/2022\/02\/Brianj-Ferreyra-Madariaga-1024x768.jpeg 1024w, https:\/\/grupotiempodigital.com.ar\/wp-content\/uploads\/2022\/02\/Brianj-Ferreyra-Madariaga-768x576.jpeg 768w, https:\/\/grupotiempodigital.com.ar\/wp-content\/uploads\/2022\/02\/Brianj-Ferreyra-Madariaga-1536x1152.jpeg 1536w, https:\/\/grupotiempodigital.com.ar\/wp-content\/uploads\/2022\/02\/Brianj-Ferreyra-Madariaga-160x120.jpeg 160w\" sizes=\"auto, (max-width: 1600px) 100vw, 1600px\" \/><\/a>\n\t\t\t<\/div><\/figure><figure class='gallery-item'>\n\t\t\t<div class='gallery-icon landscape'>\n\t\t\t\t<a href='https:\/\/grupotiempodigital.com.ar\/?attachment_id=37015'><img loading=\"lazy\" decoding=\"async\" width=\"1024\" height=\"768\" src=\"https:\/\/grupotiempodigital.com.ar\/wp-content\/uploads\/2022\/02\/Alan-Porcel-madariaga.jpeg\" class=\"attachment-full size-full\" alt=\"\" srcset=\"https:\/\/grupotiempodigital.com.ar\/wp-content\/uploads\/2022\/02\/Alan-Porcel-madariaga.jpeg 1024w, https:\/\/grupotiempodigital.com.ar\/wp-content\/uploads\/2022\/02\/Alan-Porcel-madariaga-300x225.jpeg 300w, https:\/\/grupotiempodigital.com.ar\/wp-content\/uploads\/2022\/02\/Alan-Porcel-madariaga-768x576.jpeg 768w, https:\/\/grupotiempodigital.com.ar\/wp-content\/uploads\/2022\/02\/Alan-Porcel-madariaga-160x120.jpeg 160w\" sizes=\"auto, (max-width: 1024px) 100vw, 1024px\" \/><\/a>\n\t\t\t<\/div><\/figure>\n\t\t<\/div>\n\n<p><strong>Informe de Marcelo Robertson \u2013 Presentado por CEFA Srl. Acopio de Cereales<\/strong><\/p>\n","protected":false},"excerpt":{"rendered":"<p>Los caminos de General Madariaga ser\u00e1n escenario de la 41 edici\u00f3n del tradicional \u201cPagos del Tuy\u00fa\u201d, que marcar\u00e1 la apertura<\/p>\n","protected":false},"author":3,"featured_media":37014,"comment_status":"open","ping_status":"open","sticky":false,"template":"","format":"standard","meta":{"colormag_page_container_layout":"default_layout","colormag_page_sidebar_layout":"default_layout","footnotes":""},"categories":[1,5,38,44],"tags":[],"class_list":["post-37011","post","type-post","status-publish","format-standard","has-post-thumbnail","hentry","category-actualidad","category-deportivas","category-destacadas","category-general-paz"],"_links":{"self":[{"href":"https:\/\/grupotiempodigital.com.ar\/index.php?rest_route=\/wp\/v2\/posts\/37011","targetHints":{"allow":["GET"]}}],"collection":[{"href":"https:\/\/grupotiempodigital.com.ar\/index.php?rest_route=\/wp\/v2\/posts"}],"about":[{"href":"https:\/\/grupotiempodigital.com.ar\/index.php?rest_route=\/wp\/v2\/types\/post"}],"author":[{"embeddable":true,"href":"https:\/\/grupotiempodigital.com.ar\/index.php?rest_route=\/wp\/v2\/users\/3"}],"replies":[{"embeddable":true,"href":"https:\/\/grupotiempodigital.com.ar\/index.php?rest_route=%2Fwp%2Fv2%2Fcomments&post=37011"}],"version-history":[{"count":2,"href":"https:\/\/grupotiempodigital.com.ar\/index.php?rest_route=\/wp\/v2\/posts\/37011\/revisions"}],"predecessor-version":[{"id":37016,"href":"https:\/\/grupotiempodigital.com.ar\/index.php?rest_route=\/wp\/v2\/posts\/37011\/revisions\/37016"}],"wp:featuredmedia":[{"embeddable":true,"href":"https:\/\/grupotiempodigital.com.ar\/index.php?rest_route=\/wp\/v2\/media\/37014"}],"wp:attachment":[{"href":"https:\/\/grupotiempodigital.com.ar\/index.php?rest_route=%2Fwp%2Fv2%2Fmedia&parent=37011"}],"wp:term":[{"taxonomy":"category","embeddable":true,"href":"https:\/\/grupotiempodigital.com.ar\/index.php?rest_route=%2Fwp%2Fv2%2Fcategories&post=37011"},{"taxonomy":"post_tag","embeddable":true,"href":"https:\/\/grupotiempodigital.com.ar\/index.php?rest_route=%2Fwp%2Fv2%2Ftags&post=37011"}],"curies":[{"name":"wp","href":"https:\/\/api.w.org\/{rel}","templated":true}]}}