{"id":37003,"date":"2022-02-18T11:49:59","date_gmt":"2022-02-18T14:49:59","guid":{"rendered":"https:\/\/grupotiempodigital.com.ar\/?p=37003"},"modified":"2022-02-18T11:49:59","modified_gmt":"2022-02-18T14:49:59","slug":"la-obra-de-restauracion-de-la-estacion-de-trenes-comenzara-en-los-proximos-dias","status":"publish","type":"post","link":"https:\/\/grupotiempodigital.com.ar\/?p=37003","title":{"rendered":"LA OBRA DE RESTAURACI\u00d3N DE LA ESTACI\u00d3N DE TRENES COMENZAR\u00c1 EN LOS PR\u00d3XIMOS D\u00cdAS"},"content":{"rendered":"<p>En la jornada de hoy, la empresa contratista encargada de llevar adelante la obra de recuperaci\u00f3n, restauraci\u00f3n y puesta en valor de la Estaci\u00f3n del Ferrocarril de Ranchos y su correspondiente predio, tom\u00f3 posesi\u00f3n de los terrenos para instalar el equipamiento y as\u00ed iniciar los trabajos en los primeros d\u00edas de marzo.<\/p>\n<p>La obra fue licitada en el \u00faltimo trimestre del 2021 por la Administraci\u00f3n de Infraestructuras Ferroviarias (ADIF) y es uno de los objetivos principales del Gobierno Municipal para el actual per\u00edodo de gesti\u00f3n.<\/p>\n<div id='gallery-1' class='gallery galleryid-37003 gallery-columns-3 gallery-size-full'><figure class='gallery-item'>\n\t\t\t<div class='gallery-icon landscape'>\n\t\t\t\t<a href='https:\/\/grupotiempodigital.com.ar\/?attachment_id=37005'><img loading=\"lazy\" decoding=\"async\" width=\"1600\" height=\"900\" src=\"https:\/\/grupotiempodigital.com.ar\/wp-content\/uploads\/2022\/02\/Estacion-1.jpeg\" class=\"attachment-full size-full\" alt=\"\" srcset=\"https:\/\/grupotiempodigital.com.ar\/wp-content\/uploads\/2022\/02\/Estacion-1.jpeg 1600w, https:\/\/grupotiempodigital.com.ar\/wp-content\/uploads\/2022\/02\/Estacion-1-300x169.jpeg 300w, https:\/\/grupotiempodigital.com.ar\/wp-content\/uploads\/2022\/02\/Estacion-1-1024x576.jpeg 1024w, https:\/\/grupotiempodigital.com.ar\/wp-content\/uploads\/2022\/02\/Estacion-1-768x432.jpeg 768w, https:\/\/grupotiempodigital.com.ar\/wp-content\/uploads\/2022\/02\/Estacion-1-1536x864.jpeg 1536w, https:\/\/grupotiempodigital.com.ar\/wp-content\/uploads\/2022\/02\/Estacion-1-1140x641.jpeg 1140w, https:\/\/grupotiempodigital.com.ar\/wp-content\/uploads\/2022\/02\/Estacion-1-720x405.jpeg 720w\" sizes=\"auto, (max-width: 1600px) 100vw, 1600px\" \/><\/a>\n\t\t\t<\/div><\/figure><figure class='gallery-item'>\n\t\t\t<div class='gallery-icon landscape'>\n\t\t\t\t<a href='https:\/\/grupotiempodigital.com.ar\/?attachment_id=37006'><img loading=\"lazy\" decoding=\"async\" width=\"1280\" height=\"720\" src=\"https:\/\/grupotiempodigital.com.ar\/wp-content\/uploads\/2022\/02\/Estacion-2.jpeg\" class=\"attachment-full size-full\" alt=\"\" srcset=\"https:\/\/grupotiempodigital.com.ar\/wp-content\/uploads\/2022\/02\/Estacion-2.jpeg 1280w, https:\/\/grupotiempodigital.com.ar\/wp-content\/uploads\/2022\/02\/Estacion-2-300x169.jpeg 300w, https:\/\/grupotiempodigital.com.ar\/wp-content\/uploads\/2022\/02\/Estacion-2-1024x576.jpeg 1024w, https:\/\/grupotiempodigital.com.ar\/wp-content\/uploads\/2022\/02\/Estacion-2-768x432.jpeg 768w, https:\/\/grupotiempodigital.com.ar\/wp-content\/uploads\/2022\/02\/Estacion-2-1140x641.jpeg 1140w, https:\/\/grupotiempodigital.com.ar\/wp-content\/uploads\/2022\/02\/Estacion-2-720x405.jpeg 720w\" sizes=\"auto, (max-width: 1280px) 100vw, 1280px\" \/><\/a>\n\t\t\t<\/div><\/figure><figure class='gallery-item'>\n\t\t\t<div class='gallery-icon landscape'>\n\t\t\t\t<a href='https:\/\/grupotiempodigital.com.ar\/?attachment_id=37007'><img loading=\"lazy\" decoding=\"async\" width=\"1280\" height=\"720\" src=\"https:\/\/grupotiempodigital.com.ar\/wp-content\/uploads\/2022\/02\/Estacion-3.jpeg\" class=\"attachment-full size-full\" alt=\"\" srcset=\"https:\/\/grupotiempodigital.com.ar\/wp-content\/uploads\/2022\/02\/Estacion-3.jpeg 1280w, https:\/\/grupotiempodigital.com.ar\/wp-content\/uploads\/2022\/02\/Estacion-3-300x169.jpeg 300w, https:\/\/grupotiempodigital.com.ar\/wp-content\/uploads\/2022\/02\/Estacion-3-1024x576.jpeg 1024w, https:\/\/grupotiempodigital.com.ar\/wp-content\/uploads\/2022\/02\/Estacion-3-768x432.jpeg 768w, https:\/\/grupotiempodigital.com.ar\/wp-content\/uploads\/2022\/02\/Estacion-3-1140x641.jpeg 1140w, https:\/\/grupotiempodigital.com.ar\/wp-content\/uploads\/2022\/02\/Estacion-3-720x405.jpeg 720w\" sizes=\"auto, (max-width: 1280px) 100vw, 1280px\" \/><\/a>\n\t\t\t<\/div><\/figure><figure class='gallery-item'>\n\t\t\t<div class='gallery-icon landscape'>\n\t\t\t\t<a href='https:\/\/grupotiempodigital.com.ar\/?attachment_id=37008'><img loading=\"lazy\" decoding=\"async\" width=\"1280\" height=\"720\" src=\"https:\/\/grupotiempodigital.com.ar\/wp-content\/uploads\/2022\/02\/Estacion-4.jpeg\" class=\"attachment-full size-full\" alt=\"\" srcset=\"https:\/\/grupotiempodigital.com.ar\/wp-content\/uploads\/2022\/02\/Estacion-4.jpeg 1280w, https:\/\/grupotiempodigital.com.ar\/wp-content\/uploads\/2022\/02\/Estacion-4-300x169.jpeg 300w, https:\/\/grupotiempodigital.com.ar\/wp-content\/uploads\/2022\/02\/Estacion-4-1024x576.jpeg 1024w, https:\/\/grupotiempodigital.com.ar\/wp-content\/uploads\/2022\/02\/Estacion-4-768x432.jpeg 768w, https:\/\/grupotiempodigital.com.ar\/wp-content\/uploads\/2022\/02\/Estacion-4-1140x641.jpeg 1140w, https:\/\/grupotiempodigital.com.ar\/wp-content\/uploads\/2022\/02\/Estacion-4-720x405.jpeg 720w\" sizes=\"auto, (max-width: 1280px) 100vw, 1280px\" \/><\/a>\n\t\t\t<\/div><\/figure><figure class='gallery-item'>\n\t\t\t<div class='gallery-icon landscape'>\n\t\t\t\t<a href='https:\/\/grupotiempodigital.com.ar\/?attachment_id=37009'><img loading=\"lazy\" decoding=\"async\" width=\"1280\" height=\"720\" src=\"https:\/\/grupotiempodigital.com.ar\/wp-content\/uploads\/2022\/02\/Estacion-5.jpeg\" class=\"attachment-full size-full\" alt=\"\" srcset=\"https:\/\/grupotiempodigital.com.ar\/wp-content\/uploads\/2022\/02\/Estacion-5.jpeg 1280w, https:\/\/grupotiempodigital.com.ar\/wp-content\/uploads\/2022\/02\/Estacion-5-300x169.jpeg 300w, https:\/\/grupotiempodigital.com.ar\/wp-content\/uploads\/2022\/02\/Estacion-5-1024x576.jpeg 1024w, https:\/\/grupotiempodigital.com.ar\/wp-content\/uploads\/2022\/02\/Estacion-5-768x432.jpeg 768w, https:\/\/grupotiempodigital.com.ar\/wp-content\/uploads\/2022\/02\/Estacion-5-1140x641.jpeg 1140w, https:\/\/grupotiempodigital.com.ar\/wp-content\/uploads\/2022\/02\/Estacion-5-720x405.jpeg 720w\" sizes=\"auto, (max-width: 1280px) 100vw, 1280px\" \/><\/a>\n\t\t\t<\/div><\/figure>\n\t\t<\/div>\n\n","protected":false},"excerpt":{"rendered":"<p>En la jornada de hoy, la empresa contratista encargada de llevar adelante la obra de recuperaci\u00f3n, restauraci\u00f3n y puesta en<\/p>\n","protected":false},"author":3,"featured_media":37009,"comment_status":"open","ping_status":"open","sticky":false,"template":"","format":"standard","meta":{"colormag_page_container_layout":"default_layout","colormag_page_sidebar_layout":"default_layout","footnotes":""},"categories":[1,38,44],"tags":[],"class_list":["post-37003","post","type-post","status-publish","format-standard","has-post-thumbnail","hentry","category-actualidad","category-destacadas","category-general-paz"],"_links":{"self":[{"href":"https:\/\/grupotiempodigital.com.ar\/index.php?rest_route=\/wp\/v2\/posts\/37003","targetHints":{"allow":["GET"]}}],"collection":[{"href":"https:\/\/grupotiempodigital.com.ar\/index.php?rest_route=\/wp\/v2\/posts"}],"about":[{"href":"https:\/\/grupotiempodigital.com.ar\/index.php?rest_route=\/wp\/v2\/types\/post"}],"author":[{"embeddable":true,"href":"https:\/\/grupotiempodigital.com.ar\/index.php?rest_route=\/wp\/v2\/users\/3"}],"replies":[{"embeddable":true,"href":"https:\/\/grupotiempodigital.com.ar\/index.php?rest_route=%2Fwp%2Fv2%2Fcomments&post=37003"}],"version-history":[{"count":2,"href":"https:\/\/grupotiempodigital.com.ar\/index.php?rest_route=\/wp\/v2\/posts\/37003\/revisions"}],"predecessor-version":[{"id":37010,"href":"https:\/\/grupotiempodigital.com.ar\/index.php?rest_route=\/wp\/v2\/posts\/37003\/revisions\/37010"}],"wp:featuredmedia":[{"embeddable":true,"href":"https:\/\/grupotiempodigital.com.ar\/index.php?rest_route=\/wp\/v2\/media\/37009"}],"wp:attachment":[{"href":"https:\/\/grupotiempodigital.com.ar\/index.php?rest_route=%2Fwp%2Fv2%2Fmedia&parent=37003"}],"wp:term":[{"taxonomy":"category","embeddable":true,"href":"https:\/\/grupotiempodigital.com.ar\/index.php?rest_route=%2Fwp%2Fv2%2Fcategories&post=37003"},{"taxonomy":"post_tag","embeddable":true,"href":"https:\/\/grupotiempodigital.com.ar\/index.php?rest_route=%2Fwp%2Fv2%2Ftags&post=37003"}],"curies":[{"name":"wp","href":"https:\/\/api.w.org\/{rel}","templated":true}]}}