{"id":36743,"date":"2022-01-29T16:45:34","date_gmt":"2022-01-29T19:45:34","guid":{"rendered":"https:\/\/grupotiempodigital.com.ar\/?p=36743"},"modified":"2022-01-29T16:47:31","modified_gmt":"2022-01-29T19:47:31","slug":"vuelve-el-rally-a-general-paz","status":"publish","type":"post","link":"https:\/\/grupotiempodigital.com.ar\/?p=36743","title":{"rendered":"VUELVE EL RALLY A GENERAL PAZ"},"content":{"rendered":"<p>En una reuni\u00f3n celebrada ayer por la tarde, encabezada por el Intendente Municipal Juan Manuel Alvarez acompa\u00f1ado por funcionarios y colaboradores, se defini\u00f3 la fecha para el retorno del Rally Mar y Sierras a General Paz. El mismo tendr\u00e1 lugar los d\u00edas 18, 19 y 20 de marzo en la localidad de Ranchos.<br \/>\nCon el correr de los d\u00edas, se definir\u00e1n con mayor precisi\u00f3n el recorrido de cada prime, como as\u00ed tambi\u00e9n los horarios.<\/p>\n","protected":false},"excerpt":{"rendered":"<p>En una reuni\u00f3n celebrada ayer por la tarde, encabezada por el Intendente Municipal Juan Manuel Alvarez acompa\u00f1ado por funcionarios y<\/p>\n","protected":false},"author":3,"featured_media":0,"comment_status":"open","ping_status":"open","sticky":false,"template":"","format":"standard","meta":{"colormag_page_container_layout":"default_layout","colormag_page_sidebar_layout":"default_layout","footnotes":""},"categories":[1],"tags":[],"class_list":["post-36743","post","type-post","status-publish","format-standard","hentry","category-actualidad"],"_links":{"self":[{"href":"https:\/\/grupotiempodigital.com.ar\/index.php?rest_route=\/wp\/v2\/posts\/36743","targetHints":{"allow":["GET"]}}],"collection":[{"href":"https:\/\/grupotiempodigital.com.ar\/index.php?rest_route=\/wp\/v2\/posts"}],"about":[{"href":"https:\/\/grupotiempodigital.com.ar\/index.php?rest_route=\/wp\/v2\/types\/post"}],"author":[{"embeddable":true,"href":"https:\/\/grupotiempodigital.com.ar\/index.php?rest_route=\/wp\/v2\/users\/3"}],"replies":[{"embeddable":true,"href":"https:\/\/grupotiempodigital.com.ar\/index.php?rest_route=%2Fwp%2Fv2%2Fcomments&post=36743"}],"version-history":[{"count":1,"href":"https:\/\/grupotiempodigital.com.ar\/index.php?rest_route=\/wp\/v2\/posts\/36743\/revisions"}],"predecessor-version":[{"id":36744,"href":"https:\/\/grupotiempodigital.com.ar\/index.php?rest_route=\/wp\/v2\/posts\/36743\/revisions\/36744"}],"wp:attachment":[{"href":"https:\/\/grupotiempodigital.com.ar\/index.php?rest_route=%2Fwp%2Fv2%2Fmedia&parent=36743"}],"wp:term":[{"taxonomy":"category","embeddable":true,"href":"https:\/\/grupotiempodigital.com.ar\/index.php?rest_route=%2Fwp%2Fv2%2Fcategories&post=36743"},{"taxonomy":"post_tag","embeddable":true,"href":"https:\/\/grupotiempodigital.com.ar\/index.php?rest_route=%2Fwp%2Fv2%2Ftags&post=36743"}],"curies":[{"name":"wp","href":"https:\/\/api.w.org\/{rel}","templated":true}]}}