{"id":36673,"date":"2022-01-26T08:23:11","date_gmt":"2022-01-26T11:23:11","guid":{"rendered":"https:\/\/grupotiempodigital.com.ar\/?p=36673"},"modified":"2022-01-26T08:23:11","modified_gmt":"2022-01-26T11:23:11","slug":"en-cosquin-se-presentaron-las-fechas-para-los-festivales-folkloricos-del-distrito","status":"publish","type":"post","link":"https:\/\/grupotiempodigital.com.ar\/?p=36673","title":{"rendered":"EN COSQU\u00cdN, SE PRESENTARON LAS FECHAS PARA LOS FESTIVALES FOLKL\u00d3RICOS DEL DISTRITO"},"content":{"rendered":"<div class=\"cxmmr5t8 oygrvhab hcukyx3x c1et5uql o9v6fnle ii04i59q\">\n<div dir=\"auto\">En horas del mediod\u00eda de ayer, en una conferencia de prensa llevada a cabo en la ciudad cordobesa de Cosqu\u00edn, donde actualmente se desarrolla uno de los festivales folkl\u00f3ricos m\u00e1s importantes del pa\u00eds, el Intendente Juan Manuel Alvarez present\u00f3 los festivales de Loma Verde y Villanueva (para los d\u00edas s\u00e1bado 5 y 12 de febrero respectivamente) y la nueva fecha en que se reprogram\u00f3 la 19\u00b0 edici\u00f3n del Festival de Fortines, para los d\u00edas s\u00e1bado 26 y domingo 27 del mismo mes.<\/div>\n<\/div>\n<div class=\"cxmmr5t8 oygrvhab hcukyx3x c1et5uql o9v6fnle ii04i59q\">\n<div dir=\"auto\">Adem\u00e1s, la visita fue oportuna para saludar y acompa\u00f1ar al Ballet Folkl\u00f3rico General Paz, que desde el pasado s\u00e1bado se encuentra en Cosqu\u00edn representando al distrito en el festival nacional y que esta noche se lucir\u00e1 en la tradicional Plaza Pr\u00f3spero Molina.<\/div>\n<\/div>\n<div class=\"cxmmr5t8 oygrvhab hcukyx3x c1et5uql o9v6fnle ii04i59q\">\n<div dir=\"auto\">El Jefe Comunal estuvo acompa\u00f1ado por los Secretarios de Cultura y de Turismo, Alejandro Iena y Gast\u00f3n Aguiar, respectivamente, a dem\u00e1s de Norma Moyano y Carlos Mart\u00edn, directores del mencionado ballet y los artistas Adri\u00e1n Maggi y Bel\u00e9n Herrera.<\/div>\n<\/div>\n<div class=\"cxmmr5t8 oygrvhab hcukyx3x c1et5uql o9v6fnle ii04i59q\">\n<div dir=\"auto\"><span class=\"pq6dq46d tbxw36s4 knj5qynh kvgmc6g5 ditlmg2l oygrvhab nvdbi5me sf5mxxl7 gl3lb2sf hhz5lgdu\"><img loading=\"lazy\" decoding=\"async\" src=\"https:\/\/static.xx.fbcdn.net\/images\/emoji.php\/v9\/t6e\/1\/16\/1f4ac.png\" alt=\"\ud83d\udcac\" width=\"16\" height=\"16\" \/><\/span> \u201cEntendemos que deb\u00edamos revalorizar la identidad bonaerense y a los cantores y cantoras de la provincia, y hacerlo con gratuidad y pluralidad, que sea para todos\u201d destac\u00f3 el Intendente.<\/div>\n<\/div>\n<div class=\"cxmmr5t8 oygrvhab hcukyx3x c1et5uql o9v6fnle ii04i59q\">\n<div dir=\"auto\">Al finalizar la conferencia, el Intendente de Cosqu\u00edn, Gabriel Musso, recibi\u00f3 en su despacho a la delegaci\u00f3n de autoridades de General Paz, donde adem\u00e1s de la presentaci\u00f3n formal del mandatario ranchero conversaron sobre las distintas actividades en materia cultural, los eventos art\u00edsticos y festivales populares de cada localidad.<\/div>\n<div dir=\"auto\"><a href=\"https:\/\/grupotiempodigital.com.ar\/wp-content\/uploads\/2022\/01\/2-1.jpg\"><img loading=\"lazy\" decoding=\"async\" class=\"aligncenter size-medium wp-image-36679\" src=\"https:\/\/grupotiempodigital.com.ar\/wp-content\/uploads\/2022\/01\/2-1-300x162.jpg\" alt=\"\" width=\"300\" height=\"162\" srcset=\"https:\/\/grupotiempodigital.com.ar\/wp-content\/uploads\/2022\/01\/2-1-300x162.jpg 300w, https:\/\/grupotiempodigital.com.ar\/wp-content\/uploads\/2022\/01\/2-1-1024x554.jpg 1024w, https:\/\/grupotiempodigital.com.ar\/wp-content\/uploads\/2022\/01\/2-1-768x415.jpg 768w, https:\/\/grupotiempodigital.com.ar\/wp-content\/uploads\/2022\/01\/2-1.jpg 1280w\" sizes=\"auto, (max-width: 300px) 100vw, 300px\" \/><\/a><\/div>\n<div dir=\"auto\"><a href=\"https:\/\/grupotiempodigital.com.ar\/wp-content\/uploads\/2022\/01\/3-1.jpg\"><img loading=\"lazy\" decoding=\"async\" class=\"aligncenter size-medium wp-image-36678\" src=\"https:\/\/grupotiempodigital.com.ar\/wp-content\/uploads\/2022\/01\/3-1-300x185.jpg\" alt=\"\" width=\"300\" height=\"185\" srcset=\"https:\/\/grupotiempodigital.com.ar\/wp-content\/uploads\/2022\/01\/3-1-300x185.jpg 300w, https:\/\/grupotiempodigital.com.ar\/wp-content\/uploads\/2022\/01\/3-1-1024x631.jpg 1024w, https:\/\/grupotiempodigital.com.ar\/wp-content\/uploads\/2022\/01\/3-1-768x473.jpg 768w, https:\/\/grupotiempodigital.com.ar\/wp-content\/uploads\/2022\/01\/3-1.jpg 1280w\" sizes=\"auto, (max-width: 300px) 100vw, 300px\" \/><\/a><\/div>\n<div dir=\"auto\"><a href=\"https:\/\/grupotiempodigital.com.ar\/wp-content\/uploads\/2022\/01\/4-1.jpg\"><img loading=\"lazy\" decoding=\"async\" class=\"aligncenter size-medium wp-image-36677\" src=\"https:\/\/grupotiempodigital.com.ar\/wp-content\/uploads\/2022\/01\/4-1-300x200.jpg\" alt=\"\" width=\"300\" height=\"200\" srcset=\"https:\/\/grupotiempodigital.com.ar\/wp-content\/uploads\/2022\/01\/4-1-300x200.jpg 300w, https:\/\/grupotiempodigital.com.ar\/wp-content\/uploads\/2022\/01\/4-1-1024x682.jpg 1024w, https:\/\/grupotiempodigital.com.ar\/wp-content\/uploads\/2022\/01\/4-1-768x512.jpg 768w, https:\/\/grupotiempodigital.com.ar\/wp-content\/uploads\/2022\/01\/4-1.jpg 1280w\" sizes=\"auto, (max-width: 300px) 100vw, 300px\" \/><\/a><\/div>\n<div dir=\"auto\"><a href=\"https:\/\/grupotiempodigital.com.ar\/wp-content\/uploads\/2022\/01\/5.jpg\"><img loading=\"lazy\" decoding=\"async\" class=\"aligncenter size-medium wp-image-36676\" src=\"https:\/\/grupotiempodigital.com.ar\/wp-content\/uploads\/2022\/01\/5-300x203.jpg\" alt=\"\" width=\"300\" height=\"203\" srcset=\"https:\/\/grupotiempodigital.com.ar\/wp-content\/uploads\/2022\/01\/5-300x203.jpg 300w, https:\/\/grupotiempodigital.com.ar\/wp-content\/uploads\/2022\/01\/5-1024x693.jpg 1024w, https:\/\/grupotiempodigital.com.ar\/wp-content\/uploads\/2022\/01\/5-768x520.jpg 768w, https:\/\/grupotiempodigital.com.ar\/wp-content\/uploads\/2022\/01\/5.jpg 1280w\" sizes=\"auto, (max-width: 300px) 100vw, 300px\" \/><\/a><\/div>\n<div dir=\"auto\"><\/div>\n<\/div>\n","protected":false},"excerpt":{"rendered":"<p>En horas del mediod\u00eda de ayer, en una conferencia de prensa llevada a cabo en la ciudad cordobesa de Cosqu\u00edn,<\/p>\n","protected":false},"author":3,"featured_media":36675,"comment_status":"open","ping_status":"open","sticky":false,"template":"","format":"standard","meta":{"colormag_page_container_layout":"default_layout","colormag_page_sidebar_layout":"default_layout","footnotes":""},"categories":[1],"tags":[],"class_list":["post-36673","post","type-post","status-publish","format-standard","has-post-thumbnail","hentry","category-actualidad"],"_links":{"self":[{"href":"https:\/\/grupotiempodigital.com.ar\/index.php?rest_route=\/wp\/v2\/posts\/36673","targetHints":{"allow":["GET"]}}],"collection":[{"href":"https:\/\/grupotiempodigital.com.ar\/index.php?rest_route=\/wp\/v2\/posts"}],"about":[{"href":"https:\/\/grupotiempodigital.com.ar\/index.php?rest_route=\/wp\/v2\/types\/post"}],"author":[{"embeddable":true,"href":"https:\/\/grupotiempodigital.com.ar\/index.php?rest_route=\/wp\/v2\/users\/3"}],"replies":[{"embeddable":true,"href":"https:\/\/grupotiempodigital.com.ar\/index.php?rest_route=%2Fwp%2Fv2%2Fcomments&post=36673"}],"version-history":[{"count":2,"href":"https:\/\/grupotiempodigital.com.ar\/index.php?rest_route=\/wp\/v2\/posts\/36673\/revisions"}],"predecessor-version":[{"id":36680,"href":"https:\/\/grupotiempodigital.com.ar\/index.php?rest_route=\/wp\/v2\/posts\/36673\/revisions\/36680"}],"wp:featuredmedia":[{"embeddable":true,"href":"https:\/\/grupotiempodigital.com.ar\/index.php?rest_route=\/wp\/v2\/media\/36675"}],"wp:attachment":[{"href":"https:\/\/grupotiempodigital.com.ar\/index.php?rest_route=%2Fwp%2Fv2%2Fmedia&parent=36673"}],"wp:term":[{"taxonomy":"category","embeddable":true,"href":"https:\/\/grupotiempodigital.com.ar\/index.php?rest_route=%2Fwp%2Fv2%2Fcategories&post=36673"},{"taxonomy":"post_tag","embeddable":true,"href":"https:\/\/grupotiempodigital.com.ar\/index.php?rest_route=%2Fwp%2Fv2%2Ftags&post=36673"}],"curies":[{"name":"wp","href":"https:\/\/api.w.org\/{rel}","templated":true}]}}