{"id":36661,"date":"2022-01-25T09:27:07","date_gmt":"2022-01-25T12:27:07","guid":{"rendered":"https:\/\/grupotiempodigital.com.ar\/?p=36661"},"modified":"2022-01-25T09:27:07","modified_gmt":"2022-01-25T12:27:07","slug":"el-censo-nacional-2022-ya-tiene-fecha-de-realizacion-y-viene-con-feriado-incluido","status":"publish","type":"post","link":"https:\/\/grupotiempodigital.com.ar\/?p=36661","title":{"rendered":"El Censo Nacional 2022 ya tiene fecha de realizaci\u00f3n y viene con feriado incluido"},"content":{"rendered":"<p><strong>El Poder Ejecutivo finalmente asegur\u00f3 cu\u00e1ndo se llevar\u00e1 a cabo a cabo la encuesta en todo el pa\u00eds. Adem\u00e1s, dispuso las tareas que se llevar\u00e1n a cabo.<\/strong><\/p>\n<p>El Gobierno nacional dio a conocer este martes 25 de enero que el <strong>Censo Nacional<\/strong> de Poblaci\u00f3n, Hogares y Vivienda se llevar\u00e1 a cabo el mi\u00e9rcoles 18 de mayo. Asimismo, confirm\u00f3 que ese d\u00eda sea feriado nacional.<\/p>\n<p>De esta manera qued\u00f3 determinado a trav\u00e9s del decreto 42\/2022, publicado en el Bolet\u00edn Oficial y firmado por el presidente <strong>Alberto Fern\u00e1ndez<\/strong>, el jefe de Gabinete, <strong>Juan Manzur<\/strong>; y el ministro de Econom\u00eda, <strong>Mart\u00edn Guzm\u00e1n<\/strong>.<\/p>\n<p>Asimismo, la normativa instruye a los organismos nacionales a imprimir preferente despacho y tr\u00e1mite urgente a todo pedido de colaboraci\u00f3n y movilizaci\u00f3n de recursos humanos y materiales destinados a la realizaci\u00f3n del operativo censal, que les fueran requeridos por el <strong>Instituto Nacional de Estad\u00edstica y Censos (Indec)<\/strong>.<\/p>\n<p>Adem\u00e1s, autoriza al jefe de Gabinete a delegar en el titular del Ministerio de Econom\u00eda \u00abel ejercicio de las facultades y competencias establecidas a su cargo por el art\u00edculo 9\u00ba del Reglamento del R\u00e9gimen de Contrataciones de la Administraci\u00f3n Nacional, aprobado por el Decreto N\u00b0 1030\/16, con relaci\u00f3n a las contrataciones necesarias a los efectos del desarrollo de las actividades pre-censales, censales y post-censales\u00bb.<\/p>\n<p>Asimismo, se invita a las provincias y a la Ciudad Aut\u00f3noma de Buenos Aires a adherir al decreto para la realizaci\u00f3n del censo.<\/p>\n<p style=\"text-align: right;\"><em><strong>(La Tecla 25-01-2022)<\/strong><\/em><\/p>\n","protected":false},"excerpt":{"rendered":"<p>El Poder Ejecutivo finalmente asegur\u00f3 cu\u00e1ndo se llevar\u00e1 a cabo a cabo la encuesta en todo el pa\u00eds. Adem\u00e1s, dispuso<\/p>\n","protected":false},"author":3,"featured_media":36663,"comment_status":"open","ping_status":"open","sticky":false,"template":"","format":"standard","meta":{"colormag_page_container_layout":"default_layout","colormag_page_sidebar_layout":"default_layout","footnotes":""},"categories":[1],"tags":[],"class_list":["post-36661","post","type-post","status-publish","format-standard","has-post-thumbnail","hentry","category-actualidad"],"_links":{"self":[{"href":"https:\/\/grupotiempodigital.com.ar\/index.php?rest_route=\/wp\/v2\/posts\/36661","targetHints":{"allow":["GET"]}}],"collection":[{"href":"https:\/\/grupotiempodigital.com.ar\/index.php?rest_route=\/wp\/v2\/posts"}],"about":[{"href":"https:\/\/grupotiempodigital.com.ar\/index.php?rest_route=\/wp\/v2\/types\/post"}],"author":[{"embeddable":true,"href":"https:\/\/grupotiempodigital.com.ar\/index.php?rest_route=\/wp\/v2\/users\/3"}],"replies":[{"embeddable":true,"href":"https:\/\/grupotiempodigital.com.ar\/index.php?rest_route=%2Fwp%2Fv2%2Fcomments&post=36661"}],"version-history":[{"count":2,"href":"https:\/\/grupotiempodigital.com.ar\/index.php?rest_route=\/wp\/v2\/posts\/36661\/revisions"}],"predecessor-version":[{"id":36664,"href":"https:\/\/grupotiempodigital.com.ar\/index.php?rest_route=\/wp\/v2\/posts\/36661\/revisions\/36664"}],"wp:featuredmedia":[{"embeddable":true,"href":"https:\/\/grupotiempodigital.com.ar\/index.php?rest_route=\/wp\/v2\/media\/36663"}],"wp:attachment":[{"href":"https:\/\/grupotiempodigital.com.ar\/index.php?rest_route=%2Fwp%2Fv2%2Fmedia&parent=36661"}],"wp:term":[{"taxonomy":"category","embeddable":true,"href":"https:\/\/grupotiempodigital.com.ar\/index.php?rest_route=%2Fwp%2Fv2%2Fcategories&post=36661"},{"taxonomy":"post_tag","embeddable":true,"href":"https:\/\/grupotiempodigital.com.ar\/index.php?rest_route=%2Fwp%2Fv2%2Ftags&post=36661"}],"curies":[{"name":"wp","href":"https:\/\/api.w.org\/{rel}","templated":true}]}}