{"id":36481,"date":"2022-01-13T09:42:18","date_gmt":"2022-01-13T12:42:18","guid":{"rendered":"https:\/\/grupotiempodigital.com.ar\/?p=36481"},"modified":"2022-01-13T09:42:18","modified_gmt":"2022-01-13T12:42:18","slug":"prensa-turismo-ba-general-paz-celebra-la-historia-y-la-tradicion","status":"publish","type":"post","link":"https:\/\/grupotiempodigital.com.ar\/?p=36481","title":{"rendered":"Prensa Turismo BA: GENERAL PAZ CELEBRA LA HISTORIA Y LA TRADICI\u00d3N"},"content":{"rendered":"<p><strong>Durante este fin de semana, General Paz honrar\u00e1 el folclore de su comunidad a trav\u00e9s del Festival de Fortines.<\/strong><\/p>\n<p dir=\"ltr\">\u201cEl origen del festival tiene que ver con el aniversario de la fundaci\u00f3n del partido y con la necesidad de establecer una fiesta que nucleara a los cantores, a los m\u00fasicos y a los bailarines de nuestra ciudad y de la zona\u201d, cont\u00f3 Alejandro Iena, secretario de Cultura de General Paz.<\/p>\n<p dir=\"ltr\">En 2003 el municipio cre\u00f3 el \u201cFestival de Fortines\u201d -IG: @festivaldefortines- y eligi\u00f3 a Ranchos, ciudad cabecera del distrito, como sede de su realizaci\u00f3n. Este s\u00e1bado y domingo se har\u00e1 la edici\u00f3n n\u00famero diecinueve en la que tambi\u00e9n se festejar\u00e1n los 241 a\u00f1os del nacimiento del distrito.<\/p>\n<p dir=\"ltr\">El pueblo de Ranchos fue originalmente una l\u00ednea de fortines dispuesta a orillas de la laguna El Taque\u00f1o para impedir el avance de los pueblos originarios que desde un arroyo lograban cruzar el r\u00edo Salado.<\/p>\n<p dir=\"ltr\">\u201cEs un festival con alto contenido identitario, por eso hemos convocado a artistas emblemas de la provincia de Buenos Aires\u201d, asegur\u00f3 el funcionario municipal.<\/p>\n<p dir=\"ltr\">Ser\u00e1n dos noches de estrellas, verano y esencia folcl\u00f3rica en las que se presentar\u00e1n Adri\u00e1n Maggi -consagraci\u00f3n Cosqu\u00edn 2020-, quien junto a Facundo Picone, cantor de Chascom\u00fas, homenajear\u00e1n al gran cantor bonaerense Omar Moreno Palacios.<\/p>\n<p dir=\"ltr\">Con entrada libre y gratuita, sobre el escenario de la Isla Central de la Laguna de Ranchos actuar\u00e1n\u00a0 Enrique Espinoza, Silvia G\u00f3mez y cantores de General Belgrano, Las Flores y Chascom\u00fas.<\/p>\n<p dir=\"ltr\">Adem\u00e1s el Archivo Fotogr\u00e1fico de la Memoria Fotogr\u00e1fica local presentar\u00e1 un corto audiovisual, m\u00fasica en vivo y relato de leyendas.<\/p>\n<p dir=\"ltr\">La comunidad espera con ansiedad e ilusi\u00f3n la llegada del festival. \u201cTenemos las mejores expectativas porque venimos de un a\u00f1o dif\u00edcil donde no se pudo llevar a cabo la festividad y queremos que este encuentro sea una verdadera celebraci\u00f3n para cada uno de los rancheros y para aquellos turistas que nos vengan a visitar\u201d, concluy\u00f3 Iena.<\/p>\n","protected":false},"excerpt":{"rendered":"<p>Durante este fin de semana, General Paz honrar\u00e1 el folclore de su comunidad a trav\u00e9s del Festival de Fortines. \u201cEl<\/p>\n","protected":false},"author":3,"featured_media":36483,"comment_status":"open","ping_status":"open","sticky":false,"template":"","format":"standard","meta":{"colormag_page_container_layout":"default_layout","colormag_page_sidebar_layout":"default_layout","footnotes":""},"categories":[1],"tags":[],"class_list":["post-36481","post","type-post","status-publish","format-standard","has-post-thumbnail","hentry","category-actualidad"],"_links":{"self":[{"href":"https:\/\/grupotiempodigital.com.ar\/index.php?rest_route=\/wp\/v2\/posts\/36481","targetHints":{"allow":["GET"]}}],"collection":[{"href":"https:\/\/grupotiempodigital.com.ar\/index.php?rest_route=\/wp\/v2\/posts"}],"about":[{"href":"https:\/\/grupotiempodigital.com.ar\/index.php?rest_route=\/wp\/v2\/types\/post"}],"author":[{"embeddable":true,"href":"https:\/\/grupotiempodigital.com.ar\/index.php?rest_route=\/wp\/v2\/users\/3"}],"replies":[{"embeddable":true,"href":"https:\/\/grupotiempodigital.com.ar\/index.php?rest_route=%2Fwp%2Fv2%2Fcomments&post=36481"}],"version-history":[{"count":2,"href":"https:\/\/grupotiempodigital.com.ar\/index.php?rest_route=\/wp\/v2\/posts\/36481\/revisions"}],"predecessor-version":[{"id":36484,"href":"https:\/\/grupotiempodigital.com.ar\/index.php?rest_route=\/wp\/v2\/posts\/36481\/revisions\/36484"}],"wp:featuredmedia":[{"embeddable":true,"href":"https:\/\/grupotiempodigital.com.ar\/index.php?rest_route=\/wp\/v2\/media\/36483"}],"wp:attachment":[{"href":"https:\/\/grupotiempodigital.com.ar\/index.php?rest_route=%2Fwp%2Fv2%2Fmedia&parent=36481"}],"wp:term":[{"taxonomy":"category","embeddable":true,"href":"https:\/\/grupotiempodigital.com.ar\/index.php?rest_route=%2Fwp%2Fv2%2Fcategories&post=36481"},{"taxonomy":"post_tag","embeddable":true,"href":"https:\/\/grupotiempodigital.com.ar\/index.php?rest_route=%2Fwp%2Fv2%2Ftags&post=36481"}],"curies":[{"name":"wp","href":"https:\/\/api.w.org\/{rel}","templated":true}]}}