{"id":36473,"date":"2022-01-12T21:00:04","date_gmt":"2022-01-13T00:00:04","guid":{"rendered":"https:\/\/grupotiempodigital.com.ar\/?p=36473"},"modified":"2022-01-12T21:00:04","modified_gmt":"2022-01-13T00:00:04","slug":"comunicado-del-comite-de-prevencion-seguimiento-y-tratamiento-de-coronavirus-502","status":"publish","type":"post","link":"https:\/\/grupotiempodigital.com.ar\/?p=36473","title":{"rendered":"COMUNICADO DEL COMIT\u00c9 DE PREVENCI\u00d3N, SEGUIMIENTO Y TRATAMIENTO DE CORONAVIRUS"},"content":{"rendered":"<p><strong>48 (CUARENTA Y OCHO) RECUPERADOS, 61 (SESENTA Y UN) POSITIVOS Y 30 (TREINTA) NEGATIVOS<\/strong><\/p>\n<p>&nbsp;<\/p>\n<p>El Director del Comit\u00e9 de Prevenci\u00f3n, Seguimiento y Tratamiento de Coronavirus, Dr. Santiago Dos Santos, comunica que:<\/p>\n<p><strong>\u00a0<\/strong><\/p>\n<ul>\n<li><strong>En virtud de la nueva disposici\u00f3n del Ministerio de Salud de la Provincia de Buenos Aires, a partir de la fecha los contactos estrechos asintom\u00e1ticos que tengan al menos dos dosis de la vacuna o hayan superado la enfermedad en los \u00faltimos 90 d\u00edas, no realizar\u00e1n el aislamiento. Asimismo, se recomienda que los convivientes se testeen entre el tercer y el quinto d\u00eda del \u00faltimo contacto y que extremen los cuidados.<\/strong><\/li>\n<\/ul>\n<p><strong>\u00a0<\/strong><\/p>\n<ul>\n<li><strong>Quienes no cumplan las condiciones mencionadas en el p\u00e1rrafo anterior, deber\u00e1n realizar el aislamiento preventivo durante 7 (siete) d\u00edas.<\/strong><\/li>\n<\/ul>\n<p><strong>\u00a0<\/strong><\/p>\n<ul>\n<li><strong>En el d\u00eda de la fecha, se procede a dar el alta epidemiol\u00f3gica a 48 (cuarenta y ocho) pacientes que se encontraban en aislamiento para control evolutivo.<\/strong><\/li>\n<\/ul>\n<p><strong>\u00a0<\/strong><\/p>\n<ul>\n<li><strong>En las \u00faltimas horas, se registraron 61 (sesenta y un) nuevos casos POSITIVOS de Covid-19:<\/strong><\/li>\n<li><strong>39 (treinta y nueve) pacientes <\/strong>por hisopado.<\/li>\n<li><strong>22 (veintid\u00f3s) pacientes <\/strong>por criterio cl\u00ednico epidemiol\u00f3gico.<\/li>\n<\/ul>\n<p><strong>\u00a0<\/strong><\/p>\n<ul>\n<li><strong>30 (treinta) casos que se encontraban en estudio arrojaron resultado NEGATIVO de Covid-19.<\/strong><\/li>\n<\/ul>\n<p>&nbsp;<\/p>\n<ul>\n<li>Se registran <strong>320 (trescientos veinte)<\/strong> <strong>casos en control evolutivo<\/strong>.<\/li>\n<li>Se encuentran 38 (treinta y ocho) <strong>casos en estudio.<\/strong><\/li>\n<li><strong>325 (trescientos veinticinco) vecinos son controlados en aislamiento<\/strong>.<\/li>\n<\/ul>\n<p>&nbsp;<\/p>\n<ul>\n<li>El comit\u00e9 insiste particularmente en el cumplimiento de:<\/li>\n<li><strong>Uso obligatorio de tapabocas.<\/strong><\/li>\n<li><strong>No compartir el mate.<\/strong><\/li>\n<li><strong>Mantener el distanciamiento social. <\/strong><\/li>\n<\/ul>\n<p><strong>\u00a0<\/strong><\/p>\n<ul>\n<li><strong>En este momento, m\u00e1s que nunca, apelamos a la conducta y responsabilidad individual y social. Ante la aparici\u00f3n de s\u00edntomas, llam\u00e1 al 475-511.<\/strong><\/li>\n<\/ul>\n<p><strong>\u00a0<\/strong><\/p>\n<ul>\n<li><strong>Si todav\u00eda no recibiste la vacuna contra el Covid-19, la aplicaci\u00f3n es libre a partir de los 3 a\u00f1os de edad, tanto para la primera como para la segunda dosis, en tanto se cumpla el per\u00edodo interdosis de cada vacuna.<\/strong><\/li>\n<\/ul>\n<p><strong> <a href=\"https:\/\/grupotiempodigital.com.ar\/wp-content\/uploads\/2022\/01\/WhatsApp-Image-2022-01-12-at-20.56.49-1.jpeg\"><img loading=\"lazy\" decoding=\"async\" class=\"aligncenter size-medium wp-image-36476\" src=\"https:\/\/grupotiempodigital.com.ar\/wp-content\/uploads\/2022\/01\/WhatsApp-Image-2022-01-12-at-20.56.49-1-300x300.jpeg\" alt=\"\" width=\"300\" height=\"300\" srcset=\"https:\/\/grupotiempodigital.com.ar\/wp-content\/uploads\/2022\/01\/WhatsApp-Image-2022-01-12-at-20.56.49-1-300x300.jpeg 300w, https:\/\/grupotiempodigital.com.ar\/wp-content\/uploads\/2022\/01\/WhatsApp-Image-2022-01-12-at-20.56.49-1-1024x1024.jpeg 1024w, https:\/\/grupotiempodigital.com.ar\/wp-content\/uploads\/2022\/01\/WhatsApp-Image-2022-01-12-at-20.56.49-1-150x150.jpeg 150w, https:\/\/grupotiempodigital.com.ar\/wp-content\/uploads\/2022\/01\/WhatsApp-Image-2022-01-12-at-20.56.49-1-768x768.jpeg 768w, https:\/\/grupotiempodigital.com.ar\/wp-content\/uploads\/2022\/01\/WhatsApp-Image-2022-01-12-at-20.56.49-1.jpeg 1115w\" sizes=\"auto, (max-width: 300px) 100vw, 300px\" \/><\/a><\/strong><\/p>\n<p><strong>PREVENIR ES CUIDARNOS ENTRE TODOS.<\/strong><\/p>\n","protected":false},"excerpt":{"rendered":"<p>48 (CUARENTA Y OCHO) RECUPERADOS, 61 (SESENTA Y UN) POSITIVOS Y 30 (TREINTA) NEGATIVOS &nbsp; El Director del Comit\u00e9 de<\/p>\n","protected":false},"author":3,"featured_media":36475,"comment_status":"open","ping_status":"open","sticky":false,"template":"","format":"standard","meta":{"colormag_page_container_layout":"default_layout","colormag_page_sidebar_layout":"default_layout","footnotes":""},"categories":[1,38,44],"tags":[],"class_list":["post-36473","post","type-post","status-publish","format-standard","has-post-thumbnail","hentry","category-actualidad","category-destacadas","category-general-paz"],"_links":{"self":[{"href":"https:\/\/grupotiempodigital.com.ar\/index.php?rest_route=\/wp\/v2\/posts\/36473","targetHints":{"allow":["GET"]}}],"collection":[{"href":"https:\/\/grupotiempodigital.com.ar\/index.php?rest_route=\/wp\/v2\/posts"}],"about":[{"href":"https:\/\/grupotiempodigital.com.ar\/index.php?rest_route=\/wp\/v2\/types\/post"}],"author":[{"embeddable":true,"href":"https:\/\/grupotiempodigital.com.ar\/index.php?rest_route=\/wp\/v2\/users\/3"}],"replies":[{"embeddable":true,"href":"https:\/\/grupotiempodigital.com.ar\/index.php?rest_route=%2Fwp%2Fv2%2Fcomments&post=36473"}],"version-history":[{"count":2,"href":"https:\/\/grupotiempodigital.com.ar\/index.php?rest_route=\/wp\/v2\/posts\/36473\/revisions"}],"predecessor-version":[{"id":36477,"href":"https:\/\/grupotiempodigital.com.ar\/index.php?rest_route=\/wp\/v2\/posts\/36473\/revisions\/36477"}],"wp:featuredmedia":[{"embeddable":true,"href":"https:\/\/grupotiempodigital.com.ar\/index.php?rest_route=\/wp\/v2\/media\/36475"}],"wp:attachment":[{"href":"https:\/\/grupotiempodigital.com.ar\/index.php?rest_route=%2Fwp%2Fv2%2Fmedia&parent=36473"}],"wp:term":[{"taxonomy":"category","embeddable":true,"href":"https:\/\/grupotiempodigital.com.ar\/index.php?rest_route=%2Fwp%2Fv2%2Fcategories&post=36473"},{"taxonomy":"post_tag","embeddable":true,"href":"https:\/\/grupotiempodigital.com.ar\/index.php?rest_route=%2Fwp%2Fv2%2Ftags&post=36473"}],"curies":[{"name":"wp","href":"https:\/\/api.w.org\/{rel}","templated":true}]}}