{"id":36173,"date":"2021-12-22T11:10:05","date_gmt":"2021-12-22T14:10:05","guid":{"rendered":"https:\/\/grupotiempodigital.com.ar\/?p=36173"},"modified":"2021-12-22T11:10:05","modified_gmt":"2021-12-22T14:10:05","slug":"pase-libre-con-vacuna-en-la-provincia-de-buenos-aires","status":"publish","type":"post","link":"https:\/\/grupotiempodigital.com.ar\/?p=36173","title":{"rendered":"PASE LIBRE CON VACUNA EN LA PROVINCIA DE BUENOS AIRES"},"content":{"rendered":"<div class=\"cxmmr5t8 oygrvhab hcukyx3x c1et5uql o9v6fnle ii04i59q\">\n<div dir=\"auto\">Desde ayer, en todo el territorio bonaerense comenz\u00f3 a regir el \u201cPase libre con vacuna\u201d para todos los mayores de 13 a\u00f1os, mediante el cual los vecinos y vecinas deber\u00e1n acreditar tener aplicadas al menos dos dosis de la vacuna contra el Covid-19 para realizar determinadas actividades y tr\u00e1mites.<\/div>\n<\/div>\n<div class=\"cxmmr5t8 oygrvhab hcukyx3x c1et5uql o9v6fnle ii04i59q\">\n<div dir=\"auto\">Para corroborar las dosis aplicadas, podr\u00e1n hacerlo con el carnet de vacunaci\u00f3n (color verde agua en formato tarjeta), con el carnet papel (cart\u00f3n sellado el d\u00eda de la aplicaci\u00f3n de las respectivas vacunas) o bien con las aplicaciones Vacunate PBA o Mi Argentina en tu celular.<\/div>\n<\/div>\n<div class=\"cxmmr5t8 oygrvhab hcukyx3x c1et5uql o9v6fnle ii04i59q\">\n<div dir=\"auto\">Desde el 21 del corriente, es obligatoria su presentaci\u00f3n para las siguientes actividades:<\/div>\n<\/div>\n<div class=\"cxmmr5t8 oygrvhab hcukyx3x c1et5uql o9v6fnle ii04i59q\">\n<div dir=\"auto\">*Eventos masivos, tanto al aire libre como en lugares cerrados.<\/div>\n<\/div>\n<div class=\"cxmmr5t8 oygrvhab hcukyx3x c1et5uql o9v6fnle ii04i59q\">\n<div dir=\"auto\"><span class=\"pq6dq46d tbxw36s4 knj5qynh kvgmc6g5 ditlmg2l oygrvhab nvdbi5me sf5mxxl7 gl3lb2sf hhz5lgdu\">*<\/span>Actividades culturales, deportivas, art\u00edsticas o religiosas, en espacios abiertos y cerrados.<\/div>\n<div dir=\"auto\"><span class=\"pq6dq46d tbxw36s4 knj5qynh kvgmc6g5 ditlmg2l oygrvhab nvdbi5me sf5mxxl7 gl3lb2sf hhz5lgdu\">*<\/span>Empleados estatales que se desempe\u00f1en en atenci\u00f3n al p\u00fablico.<\/div>\n<div dir=\"auto\"><span class=\"pq6dq46d tbxw36s4 knj5qynh kvgmc6g5 ditlmg2l oygrvhab nvdbi5me sf5mxxl7 gl3lb2sf hhz5lgdu\">*<\/span>Cualquier tipo de tr\u00e1mites provinciales o municipales y gestiones ante organismos p\u00fablicos.<\/div>\n<div dir=\"auto\"><span class=\"pq6dq46d tbxw36s4 knj5qynh kvgmc6g5 ditlmg2l oygrvhab nvdbi5me sf5mxxl7 gl3lb2sf hhz5lgdu\">*<\/span>Tr\u00e1mites presenciales en organismos privados.<\/div>\n<div dir=\"auto\" style=\"text-align: center;\"><em><strong>MUNICIPALIDAD DE GENERAL PAZ<\/strong><\/em><\/div>\n<div dir=\"auto\" style=\"text-align: center;\"><em><strong>Estamos cambiando por vos<\/strong><\/em><\/div>\n<\/div>\n","protected":false},"excerpt":{"rendered":"<p>Desde ayer, en todo el territorio bonaerense comenz\u00f3 a regir el \u201cPase libre con vacuna\u201d para todos los mayores de<\/p>\n","protected":false},"author":3,"featured_media":0,"comment_status":"open","ping_status":"open","sticky":false,"template":"","format":"standard","meta":{"colormag_page_container_layout":"default_layout","colormag_page_sidebar_layout":"default_layout","footnotes":""},"categories":[1],"tags":[],"class_list":["post-36173","post","type-post","status-publish","format-standard","hentry","category-actualidad"],"_links":{"self":[{"href":"https:\/\/grupotiempodigital.com.ar\/index.php?rest_route=\/wp\/v2\/posts\/36173","targetHints":{"allow":["GET"]}}],"collection":[{"href":"https:\/\/grupotiempodigital.com.ar\/index.php?rest_route=\/wp\/v2\/posts"}],"about":[{"href":"https:\/\/grupotiempodigital.com.ar\/index.php?rest_route=\/wp\/v2\/types\/post"}],"author":[{"embeddable":true,"href":"https:\/\/grupotiempodigital.com.ar\/index.php?rest_route=\/wp\/v2\/users\/3"}],"replies":[{"embeddable":true,"href":"https:\/\/grupotiempodigital.com.ar\/index.php?rest_route=%2Fwp%2Fv2%2Fcomments&post=36173"}],"version-history":[{"count":2,"href":"https:\/\/grupotiempodigital.com.ar\/index.php?rest_route=\/wp\/v2\/posts\/36173\/revisions"}],"predecessor-version":[{"id":36175,"href":"https:\/\/grupotiempodigital.com.ar\/index.php?rest_route=\/wp\/v2\/posts\/36173\/revisions\/36175"}],"wp:attachment":[{"href":"https:\/\/grupotiempodigital.com.ar\/index.php?rest_route=%2Fwp%2Fv2%2Fmedia&parent=36173"}],"wp:term":[{"taxonomy":"category","embeddable":true,"href":"https:\/\/grupotiempodigital.com.ar\/index.php?rest_route=%2Fwp%2Fv2%2Fcategories&post=36173"},{"taxonomy":"post_tag","embeddable":true,"href":"https:\/\/grupotiempodigital.com.ar\/index.php?rest_route=%2Fwp%2Fv2%2Ftags&post=36173"}],"curies":[{"name":"wp","href":"https:\/\/api.w.org\/{rel}","templated":true}]}}