{"id":36165,"date":"2021-12-21T20:36:01","date_gmt":"2021-12-21T23:36:01","guid":{"rendered":"https:\/\/grupotiempodigital.com.ar\/?p=36165"},"modified":"2021-12-21T20:36:01","modified_gmt":"2021-12-21T23:36:01","slug":"comunicado-del-comite-de-prevencion-seguimiento-y-tratamiento-de-coronavirus-485","status":"publish","type":"post","link":"https:\/\/grupotiempodigital.com.ar\/?p=36165","title":{"rendered":"COMUNICADO DEL COMIT\u00c9 DE PREVENCI\u00d3N, SEGUIMIENTO Y TRATAMIENTO DE CORONAVIRUS"},"content":{"rendered":"<p><strong>22 (VEINTID<\/strong><strong>\u00d3S) POSITIVOS Y 30 (TREINTA) NEGATIVOS<\/strong><\/p>\n<p>&nbsp;<\/p>\n<p>En la jornada de hoy, regres\u00f3 un contingente de 50 j\u00f3venes estudiantes de su viaje de egresados de Bariloche. En un operativo de testeo masivo en el descenso del \u00f3mnibus, se detectaron 13 casos positivos de Covid-19. Todos los estudiantes y sus respectivos contactos se encuentran cumpliendo el aislamiento preventivo bajo el correspondiente seguimiento del personal sanitario del Hospital Campomar, evitando la propagaci\u00f3n de contagios.<\/p>\n<p>&nbsp;<\/p>\n<p>El Director del Comit\u00e9 de Prevenci\u00f3n, Seguimiento y Tratamiento de Coronavirus, Dr. Santiago Dos Santos, comunica que:<\/p>\n<p>&nbsp;<\/p>\n<ul>\n<li><strong>En las \u00faltimas horas, se registraron 22 (veintid\u00f3s) nuevos casos POSITIVOS de Covid-19:<\/strong><\/li>\n<li><strong>13 <\/strong><strong>(trece) pacientes <\/strong>por hisopado.<\/li>\n<li><strong>9 (nueve) pacientes <\/strong>por criterio cl\u00ednico epidemiol\u00f3gico.<\/li>\n<\/ul>\n<p>&nbsp;<\/p>\n<ul>\n<li><strong>30 (treinta) casos arrojaron resultado NEGATIVO de Covid-19.<\/strong><\/li>\n<\/ul>\n<p>&nbsp;<\/p>\n<ul>\n<li>Se registran 22 (veintid\u00f3s)<strong> casos en control evolutivo<\/strong>.<\/li>\n<li>Se encuentran 2 (dos)<strong> casos en estudio.<\/strong><\/li>\n<li><strong>30 (treinta) vecinos son controlados en aislamiento<\/strong>.<\/li>\n<\/ul>\n<p>&nbsp;<\/p>\n<ul>\n<li>El comit\u00e9 insiste particularmente en el cumplimiento de:<\/li>\n<li><strong>Uso obligatorio de tapabocas.<\/strong><\/li>\n<li><strong>No compartir el mate.<\/strong><\/li>\n<li><strong>Mantener el distanciamiento social.<\/strong><\/li>\n<\/ul>\n<p><strong>\u00a0<\/strong><\/p>\n<ul>\n<li><strong>En este momento, m\u00e1s que nunca, apelamos a la conducta y responsabilidad individual y social. Ante la aparici\u00f3n de s\u00edntomas, llam\u00e1 al 475-511.<\/strong><\/li>\n<\/ul>\n<p><strong>\u00a0<\/strong><\/p>\n<ul>\n<li><strong>Si todav\u00eda no recibiste la vacuna contra el Covid-19, la aplicaci\u00f3n de la primera dosis es libre para mayores de 18 a\u00f1os. Para menores de edad, en la franja etaria comprendida entre los 12 y los 17 a\u00f1os, se encuentra abierta la inscripci\u00f3n en <\/strong><a href=\"http:\/\/www.vacunatepba.gba.gob.ar\"><strong>vacunatepba.gba.gob.ar<\/strong><\/a><strong> y en el sitio web de la Municipalidad de General Paz.<\/strong><\/li>\n<\/ul>\n<p><strong>\u00a0<\/strong><\/p>\n<p><strong>PREVENIR ES CUIDARNOS ENTRE TODOS.<\/strong><\/p>\n","protected":false},"excerpt":{"rendered":"<p>22 (VEINTID\u00d3S) POSITIVOS Y 30 (TREINTA) NEGATIVOS &nbsp; En la jornada de hoy, regres\u00f3 un contingente de 50 j\u00f3venes estudiantes<\/p>\n","protected":false},"author":3,"featured_media":36167,"comment_status":"open","ping_status":"open","sticky":false,"template":"","format":"standard","meta":{"colormag_page_container_layout":"default_layout","colormag_page_sidebar_layout":"default_layout","footnotes":""},"categories":[1,38,44],"tags":[],"class_list":["post-36165","post","type-post","status-publish","format-standard","has-post-thumbnail","hentry","category-actualidad","category-destacadas","category-general-paz"],"_links":{"self":[{"href":"https:\/\/grupotiempodigital.com.ar\/index.php?rest_route=\/wp\/v2\/posts\/36165","targetHints":{"allow":["GET"]}}],"collection":[{"href":"https:\/\/grupotiempodigital.com.ar\/index.php?rest_route=\/wp\/v2\/posts"}],"about":[{"href":"https:\/\/grupotiempodigital.com.ar\/index.php?rest_route=\/wp\/v2\/types\/post"}],"author":[{"embeddable":true,"href":"https:\/\/grupotiempodigital.com.ar\/index.php?rest_route=\/wp\/v2\/users\/3"}],"replies":[{"embeddable":true,"href":"https:\/\/grupotiempodigital.com.ar\/index.php?rest_route=%2Fwp%2Fv2%2Fcomments&post=36165"}],"version-history":[{"count":2,"href":"https:\/\/grupotiempodigital.com.ar\/index.php?rest_route=\/wp\/v2\/posts\/36165\/revisions"}],"predecessor-version":[{"id":36168,"href":"https:\/\/grupotiempodigital.com.ar\/index.php?rest_route=\/wp\/v2\/posts\/36165\/revisions\/36168"}],"wp:featuredmedia":[{"embeddable":true,"href":"https:\/\/grupotiempodigital.com.ar\/index.php?rest_route=\/wp\/v2\/media\/36167"}],"wp:attachment":[{"href":"https:\/\/grupotiempodigital.com.ar\/index.php?rest_route=%2Fwp%2Fv2%2Fmedia&parent=36165"}],"wp:term":[{"taxonomy":"category","embeddable":true,"href":"https:\/\/grupotiempodigital.com.ar\/index.php?rest_route=%2Fwp%2Fv2%2Fcategories&post=36165"},{"taxonomy":"post_tag","embeddable":true,"href":"https:\/\/grupotiempodigital.com.ar\/index.php?rest_route=%2Fwp%2Fv2%2Ftags&post=36165"}],"curies":[{"name":"wp","href":"https:\/\/api.w.org\/{rel}","templated":true}]}}