{"id":36138,"date":"2021-12-20T09:21:22","date_gmt":"2021-12-20T12:21:22","guid":{"rendered":"https:\/\/grupotiempodigital.com.ar\/?p=36138"},"modified":"2021-12-20T09:22:10","modified_gmt":"2021-12-20T12:22:10","slug":"editorial-ya-somos-grandes","status":"publish","type":"post","link":"https:\/\/grupotiempodigital.com.ar\/?p=36138","title":{"rendered":"Editorial: \u201cYa somos grandes\u201d"},"content":{"rendered":"<p>Despu\u00e9s de dos a\u00f1os de \u201cnegociaciones\u201d (en realidad de espera acordada) finalmente el pa\u00eds debe resolver la situaci\u00f3n deudora que mantiene con el Fondo Monetario Internacional (FMI) y por mas misterios y relatos que se pretendan sobre la cuesti\u00f3n, es largamente sabido que tras presentarle un programa y alguna declaraci\u00f3n sobre que haremos (o deberemos hacer) los argentinos para reducir nuestro enorme y eterno d\u00e9ficit fiscal (o sea gastar menos de lo que producimos), y para ello ajustar el enorme gasto improductivo p\u00fablico y de sub-sidios a privados, aumentar la producci\u00f3n interna para tratar de mejorar los precios de los productos que con-sumimos y los externos para producir divisas y equilibrar nuestras cuentas, con poco mas el organismo internacional compuesto por 129 pa\u00edses del mundo nos otorgar\u00e1 una pr\u00f3rroga en los pagos por algunos a\u00f1os mas.<br \/>\nEn realidad, esto no traer\u00e1 mejora alguna en si mismo a los argentinos, pero sin ese acuerdo directamente caer\u00edamos en la peor categor\u00eda del planeta y con escasas o nulas chances de salir de la pobreza eterna.<br \/>\nSin pretensi\u00f3n alguna de convertir esto en una clase de econom\u00eda, la apretada s\u00edntesis solo procura reflejar \u201clo manyado\u201d que tenemos los argentinos esta cuesti\u00f3n de deberle y negociar con el Fondo.<br \/>\nY tambi\u00e9n se\u00f1alar, la marcada estupidez de quienes desde el p\u00falpito intentan darnos el \u201cinforme de situaci\u00f3n\u201d y hasta pretendidas lecciones de sus nobles formas de gobernar.<br \/>\nHace pocas horas el hijo del matrimonio Kirchner y actual presidente del bloque de diputados nacionales del oficialismo, M\u00e1ximo, acaba de declarar con tono se\u00f1orial, que \u201cEl Fondo nos meti\u00f3 en un problema y por lo tanto ahora debe ayudarnos a solucionarlo. No pueden ser tan golosos\u201d. Kirchner hijo, aunque no se le conoce profesi\u00f3n ni trabajo alguno, mas que el de ser hijo, no ignora verdades absolutas tan grandes como la que marca que el FMI no meti\u00f3 en problemas a nadie. Los que nos metemos en problemas somos los argentinos con nuestros gobiernos que en algo mas de medio siglo fueron mas de 50 veces a pedir pr\u00e9s-tamos a ese organismo. No viene la organizaci\u00f3n con un meg\u00e1fono a ofrecer pr\u00e9stamos por la calle Balcarce. Al contrario, han sido y son los sucesivos gobiernos criollos los que han salido a los gritos a ofrecer subsidios, ayudas indiscriminadas, trabas a la producci\u00f3n, meter la mano en cuanta caja les apareci\u00f3 a la vista y \u201ctutti cuanti\u201d ha sido motivo de las deudas que finalmente (finalmente!!) nos llevaron a tocar timbre en su sede para que nos saquen del apremio.<br \/>\nY por otro lado, el diputado no puede agregar: \u201cNo pueden ser tan golosos\u201d, cuando hasta los chicos de salita rosa saben que el inter\u00e9s mas bajo, los plazos mas extensos, las renegociaciones mas accesibles para toda deuda la tiene precisamente este organismo. Si alrededor del 4 % anual de tasa en d\u00f3lares que percibe el FMI lo hace \u201cgoloso\u201d, que adjetivo le pondr\u00eda el mismo dirigente al 15 % anual en la misma moneda que en el gobierno de su mam\u00e1 y con la atenta mirada de su pap\u00e1 aun vivo se le pag\u00f3 a los \u201camigos\u201d Venezolanos presididos por el amigo Hugo Ch\u00e1vez a los que recurrimos en demanda de pr\u00e9stamos.<br \/>\nPor si no recuerdan, algunos dineros llegaron en vuelos de madrugada y en valijas, aunque no se inform\u00f3 bien si eran realmente parte de los cr\u00e9ditos o de otros conceptos los que viajaron de la mano de Uberti, Antonini Wilson y varios mas.<br \/>\nEn fin. Cual el mejor momento de la Oral Deportiva de Mu\u00f1oz, a toda hora y todos los d\u00edas relatos y relatos.<br \/>\n\u00bfC\u00f3mo y por qu\u00e9 estos \u201cgolosos\u201d del Fondo, no se la toman con Uruguay, Paraguay, Brasil o Australia?. Siempre con la Argentina. Siempre el mundo nos perjudica. Como en el f\u00fatbol. Justo a nosotros que somos incapaces de hacer un gol con la mano o salvar un gol de codito sobre la l\u00ednea.<br \/>\nY es que en todos los aspectos solo se trata de contar con un culpable. Solo eso y nada m\u00e1s.<br \/>\nHace muchas d\u00e9cadas que la dirigencia argentina dej\u00f3 absolutamente de lado la posibilidad de ir corrigiendo errores. De tratar que cada d\u00eda se mejore en algo. Ni hablar de luchar contra la corrupci\u00f3n impresionante que nos agobia para parecernos aunque sea un poco a esos pa\u00edses ya mencionados o a tantos m\u00e1s a los que el FMI no \u201cles genera estos problemas\u201d.<br \/>\nEn la Argentina solo se trata de ser imaginativos para saber a quien culpar y mejorar los relatos para que la tribuna los crea.<br \/>\nTan simple como esto que acabamos de afirmar.<br \/>\nHagamos cualquier cosa. Todo el tiempo. De todo tipo. Pero como aseguran que si asi lo hacemos no po-dremos evitar las consecuencias, pues entonces ten-gamos siempre a mano a un culpable de todo para no hacernos cargo de ellas.<br \/>\nAs\u00ed ocurre con nuestros empresarios. Ellos, seg\u00fan el mismo relato, son los culpables de gran parte de nuestra pobreza \u201csolidaria\u201d y del hambre de la mitad de nuestros conciudadanos. Y naturalmente de la inflaci\u00f3n indomable que solo se observa en Argentina.<br \/>\nPero resulta que esos empresarios en este mundo globalizado, son los mismos que operan en toda la regi\u00f3n y en gran parte de la tierra donde nada de lo que pasa aqu\u00ed ocurre.<br \/>\nEs que entonces, son unos malvados\u2026..pero solamente en Argentina. En el resto del mundo donde operan son la Madre Teresa de Calcuta.<br \/>\nTodo los del campo, si que son \u201cgolosos\u201d y por avaricia le quitan la comida que deber\u00eda estar en los platos de los humildes. Terribles insaciables a los que \u201cpor suerte\u201d los vienen a buscar y les ofrecen ventajas de todo tipo los vecinos uruguayos, paraguayos y brasileros entre otros.<br \/>\nYa se los llevar\u00e1n a todos y nos libraremos de esos malditos!!.<br \/>\nNi hablar de nuestros periodistas y medios de prensa. Verdaderos desestabilizadores y volteadores de go-biernos con sus formatos \u201chegem\u00f3nicos y manipuladores\u201d para los que hay que crear algunos comit\u00e9s que los juzguen (integrados por los gobiernos de turno claro) para terminar con ellos y que funcionen solamente los que trabajan por el pa\u00eds y la gente, como es el caso del pseudo periodista que a las 18 Hs de los comicios de 2015 sirviendo al pueblo \u201cinform\u00f3\u201d de los vencedores de esa jornada en naci\u00f3n y en provincia de Buenos Aires. Vale recordar que ninguno de esos vencedores fueron ni presidente ni gobernador, (porque al final ninguno hab\u00eda ganado) pero ese comunicador hoy percibe doscientos millones de pesos DIARIOS en concepto de pauta estatal.<br \/>\nPero esas son minucias. Periodismo es el de otros pa\u00edses aunque en el m\u00e1s poderoso del globo haya sido el periodismo el que denunci\u00f3 y termin\u00f3 echando a un presidente por mentir en su relaci\u00f3n sentimental con una secretaria.<br \/>\nEn fin. Los que le hacen bien a otros pa\u00edses y por ende a sus pueblos aqu\u00ed en Argentina son \u201cdemonios\u201d. Lo que funciona en todos lados aqu\u00ed nos destruye. Todos los males nuestros tienen culpables que nunca somos nosotros.<br \/>\nLa cuesti\u00f3n es que mientras hasta los chicos ya van comprendiendo la verdad, los grandes dirigentes nos siguen viendo como una caja boba, y nos siguen contando como si fuera la verdadera raz\u00f3n de todo, el mismo argumento de hace un mont\u00f3n de d\u00e9cadas.<br \/>\nComo aqu\u00e9l \u00e9xito televisivo de hace unos a\u00f1os hace falta que se den cuenta que \u201cya somos grandes\u201d.<\/p>\n<p>(Editorial publicada en el edici\u00f3n de TIEMPO de Ranchos del 17 de diciembre de 2021)<\/p>\n","protected":false},"excerpt":{"rendered":"<p>Despu\u00e9s de dos a\u00f1os de \u201cnegociaciones\u201d (en realidad de espera acordada) finalmente el pa\u00eds debe resolver la situaci\u00f3n deudora que<\/p>\n","protected":false},"author":3,"featured_media":17784,"comment_status":"open","ping_status":"open","sticky":false,"template":"","format":"standard","meta":{"colormag_page_container_layout":"default_layout","colormag_page_sidebar_layout":"default_layout","footnotes":""},"categories":[1],"tags":[],"class_list":["post-36138","post","type-post","status-publish","format-standard","has-post-thumbnail","hentry","category-actualidad"],"_links":{"self":[{"href":"https:\/\/grupotiempodigital.com.ar\/index.php?rest_route=\/wp\/v2\/posts\/36138","targetHints":{"allow":["GET"]}}],"collection":[{"href":"https:\/\/grupotiempodigital.com.ar\/index.php?rest_route=\/wp\/v2\/posts"}],"about":[{"href":"https:\/\/grupotiempodigital.com.ar\/index.php?rest_route=\/wp\/v2\/types\/post"}],"author":[{"embeddable":true,"href":"https:\/\/grupotiempodigital.com.ar\/index.php?rest_route=\/wp\/v2\/users\/3"}],"replies":[{"embeddable":true,"href":"https:\/\/grupotiempodigital.com.ar\/index.php?rest_route=%2Fwp%2Fv2%2Fcomments&post=36138"}],"version-history":[{"count":3,"href":"https:\/\/grupotiempodigital.com.ar\/index.php?rest_route=\/wp\/v2\/posts\/36138\/revisions"}],"predecessor-version":[{"id":36141,"href":"https:\/\/grupotiempodigital.com.ar\/index.php?rest_route=\/wp\/v2\/posts\/36138\/revisions\/36141"}],"wp:featuredmedia":[{"embeddable":true,"href":"https:\/\/grupotiempodigital.com.ar\/index.php?rest_route=\/wp\/v2\/media\/17784"}],"wp:attachment":[{"href":"https:\/\/grupotiempodigital.com.ar\/index.php?rest_route=%2Fwp%2Fv2%2Fmedia&parent=36138"}],"wp:term":[{"taxonomy":"category","embeddable":true,"href":"https:\/\/grupotiempodigital.com.ar\/index.php?rest_route=%2Fwp%2Fv2%2Fcategories&post=36138"},{"taxonomy":"post_tag","embeddable":true,"href":"https:\/\/grupotiempodigital.com.ar\/index.php?rest_route=%2Fwp%2Fv2%2Ftags&post=36138"}],"curies":[{"name":"wp","href":"https:\/\/api.w.org\/{rel}","templated":true}]}}