{"id":36134,"date":"2021-12-20T09:14:56","date_gmt":"2021-12-20T12:14:56","guid":{"rendered":"https:\/\/grupotiempodigital.com.ar\/?p=36134"},"modified":"2021-12-20T09:14:56","modified_gmt":"2021-12-20T12:14:56","slug":"rally-mar-y-sierras-emotivas-e-increibles-definiciones-para-cerrar-el-ano","status":"publish","type":"post","link":"https:\/\/grupotiempodigital.com.ar\/?p=36134","title":{"rendered":"Rally Mar y Sierras: EMOTIVAS E INCRE\u00cdBLES DEFINICIONES PARA CERRAR EL A\u00d1O."},"content":{"rendered":"<div class=\"cxmmr5t8 oygrvhab hcukyx3x c1et5uql o9v6fnle ii04i59q\">\n<div dir=\"auto\">El Rally Mar y Sierras cerr\u00f3 su temporada 2021 en la ciudad de Ayacucho, en el marco de un Gran Premio que conoci\u00f3 a varios campeones reci\u00e9n sobre el cierre de la prueba. Una carrera extensa, emotiva y con definiciones incre\u00edbles, que brindaron un digno broche de oro para la categor\u00eda.<\/div>\n<\/div>\n<div class=\"cxmmr5t8 oygrvhab hcukyx3x c1et5uql o9v6fnle ii04i59q\">\n<div dir=\"auto\">Las acciones se desarrollaron dentro de lo previsto y cumpliendo con las 15 pruebas especiales establecidas para completar poco m\u00e1s de 160 km de velocidad pura.<\/div>\n<div dir=\"auto\">En lo estrictamente deportivo y continuando con el contundente andar de la primera etapa, Rodrigo Disalvo se impuso en la clasificaci\u00f3n general con un tiempo total de 1h35\u00b411.4\u201d, para poder festejar en el podio final la victoria en la carrera y la obtenci\u00f3n del campeonato.<\/div>\n<div dir=\"auto\">La clase Junior fue una de las que se defini\u00f3 reci\u00e9n cuando se conoci\u00f3 el arribo de Juan Galduroz, qui\u00e9n finaliz\u00f3 en la tercera colaci\u00f3n, logrando los puntos necesarios para quedarse con certamen de la divisi\u00f3n que, fue ganada en muy buena forma por el arrecife\u00f1o Jorge Fontana, mientras que la segunda ubicaci\u00f3n le correspondi\u00f3 a Juan Saraleguy qui\u00e9n pele\u00f3 hasta el final, buscando el objetivo m\u00e1ximo.<\/div>\n<div dir=\"auto\">Dentro de la clase A, la victoria qued\u00f3 en poder de Mat\u00cdas Segura, dominando las acciones desde el inicio mismo. La segunda colocaci\u00f3n correspondi\u00f3 a Nunzio Vernaci, quien despu\u00e9s de m\u00e1s de 30 a\u00f1os de trayectoria, pudo gritar Campe\u00f3n en el rally, alcanzando un sue\u00f1o que persigui\u00f3 durante mucho tiempo. El tercer lugar de la clase fue para Manuel Fern\u00e1ndez, en su presentaci\u00f3n en la categor\u00eda.<\/div>\n<div dir=\"auto\">Luciano Goicoechea fue el gran ganador del fin de semana en la clase R3, no solo logr\u00f3 la victoria en la carrera, sino que adem\u00e1s alcanz\u00f3 el t\u00edtulo de la temporada con un s\u00f3lido andar que le posibilit\u00f3 relegar al segundo puesto a Carlos Murrone y al tercero a Santiago Cunningham, estos \u00faltimos llegaban con chances de campeonar.<\/div>\n<div dir=\"auto\">Otra atrapante definici\u00f3n fue la de la clase N7. La competencia fue ganada por Juan Pablo Zarkovich, que adem\u00e1s marc\u00f3 un excelente ritmo de competencia para terminar segundo en la general, superando autos de clases mayores. El segundo lugar del podio fue para Mariano Sobre y tercero culmin\u00f3 Fernando Strangis. Cuarto y con muchos problemas sobre el final, lleg\u00f3 Gonzalo Teruel, a qui\u00e9n adem\u00e1s se le esfum\u00f3 el t\u00edtulo que qued\u00f3 en poder de Mario Llinas. El necochense de muy buena primera mitad de temporada, no tuvo una buena etapa inicial, pero fue contundente en la segunda para alcanzar el gran objetivo del campeonato.<\/div>\n<div dir=\"auto\">Cesar Bilbao ratific\u00f3 el 1 alcanzado en la carrera de Castelli dentro de la N3, sumando aqu\u00ed una nueva victoria para su historial, adem\u00e1s de obtener el \u201cCampeonato Absoluto\u201d que se otorga a qui\u00e9n m\u00e1s puntos acumule a lo largo del a\u00f1o.<\/div>\n<div dir=\"auto\">Si nombramos definiciones apretadas la de la clase N2 fue impactante. Pablo Carcano que se consagr\u00f3 como monarca de la misma, al ganarle la carrera a Ezequiel Casta\u00f1on por solo 2 d\u00e9cimas, en una incre\u00edble definici\u00f3n. Aqu\u00ed qui\u00e9n finalizara adelante obten\u00eda el t\u00edtulo y la diferencia fue muy exigua entre ambos para dar esa definici\u00f3n. Tercero finaliz\u00f3 Mauricio P\u00e9rez de Marco y cuarto Marcelo P\u00e9rez de Marco.<\/div>\n<div dir=\"auto\">Mart\u00edn Nucciarone festej\u00f3 el campeonato en la clase N1. Tal vez \u00e9sta haya sido la clase que mayores novedades fue entregando durante el fin de semana, porque adem\u00e1s eran varios los binomios con chances matem\u00e1ticas de alcanzar la cima. El de Balcarce lo logr\u00f3 con el tercer puesto obtenido en la clasificaci\u00f3n, ubic\u00e1ndose detr\u00e1s de Mat\u00edas de Prado qui\u00e9n alcanz\u00f3 su primera victoria en la categor\u00eda, quedando escoltado por Mario Mari, quien tambi\u00e9n cumpli\u00f3 una destacada actuaci\u00f3n. M\u00e1s atr\u00e1s arribaron Federico Vizcay, Federico Canestrari y Sebastian Fernandez.<\/div>\n<div dir=\"auto\">La A Hist\u00f3rica ya hab\u00eda conocido a su campe\u00f3n en la primera jornada con la consagraci\u00f3n del local Daniel Reyes, a pesar de abandonar la prueba lleg\u00f3 al objetivo por la diferencia lograda y la consecuencia de que sus rivales directos no pudieran sumar. Sergio Varas logr\u00f3 cerrar de la mejor manera el 2021, logrando la ansiada victoria, nada m\u00e1s, ni nada menos que en el coronaci\u00f3n, escoltado por Juan Carlos Mui\u00f1o y Mart\u00edn Carnavallini.<\/div>\n<div dir=\"auto\">Al llegar a la ZM, nos encontramos con otra clase que tuvo una apretad\u00edsima definici\u00f3n, cuando solo medio punto separ\u00f3 al campe\u00f3n de su inmediato perseguidor. La carrera la gan\u00f3 Sergio Tardella, qui\u00e9n a la postre fuera el subcampe\u00f3n; pero el t\u00edtulo qued\u00f3 para Franco Luna, que con la tercera colocaci\u00f3n sum\u00f3 las unidades necesarias para la consagraci\u00f3n y aprovechar esa media unidad que lo separ\u00f3 del vencedor de la prueba. El segundo escal\u00f3n del podio lo alcanz\u00f3 Pablo Castro.<\/div>\n<\/div>\n<div class=\"cxmmr5t8 oygrvhab hcukyx3x c1et5uql o9v6fnle ii04i59q\">\n<div dir=\"auto\">Con mucha emoci\u00f3n por parte de los nuevos campeones y la fiesta del podio, finaliz\u00f3 un a\u00f1o m\u00e1s para la categor\u00eda que debi\u00f3 atravesar momentos dif\u00edciles, pero supo sobrellevarlos para sacar adelante esta temporada y comenzar a pensar a futuro.<\/div>\n<div dir=\"auto\">\n<div dir=\"auto\">\u00abLa im\u00e1gen muestra el festejo de Nunzio Vernaci al lograr su primer t\u00edtulo despu\u00e9s de m\u00e1s de 30 a\u00f1os en el rally, siendo un referente de la clase A\u00bb<\/div>\n<div dir=\"auto\"><span class=\"pq6dq46d tbxw36s4 knj5qynh kvgmc6g5 ditlmg2l oygrvhab nvdbi5me sf5mxxl7 gl3lb2sf hhz5lgdu\"><img loading=\"lazy\" decoding=\"async\" src=\"https:\/\/static.xx.fbcdn.net\/images\/emoji.php\/v9\/tde\/1\/16\/1f4f8.png\" alt=\"\ud83d\udcf8\" width=\"16\" height=\"16\" \/><\/span> Gustavo Rivero<\/div>\n<div dir=\"auto\"><a href=\"https:\/\/grupotiempodigital.com.ar\/wp-content\/uploads\/2021\/12\/ppppp.jpg\"><img loading=\"lazy\" decoding=\"async\" class=\"aligncenter size-full wp-image-36136\" src=\"https:\/\/grupotiempodigital.com.ar\/wp-content\/uploads\/2021\/12\/ppppp.jpg\" alt=\"\" width=\"1280\" height=\"851\" srcset=\"https:\/\/grupotiempodigital.com.ar\/wp-content\/uploads\/2021\/12\/ppppp.jpg 1280w, https:\/\/grupotiempodigital.com.ar\/wp-content\/uploads\/2021\/12\/ppppp-300x199.jpg 300w, https:\/\/grupotiempodigital.com.ar\/wp-content\/uploads\/2021\/12\/ppppp-1024x681.jpg 1024w, https:\/\/grupotiempodigital.com.ar\/wp-content\/uploads\/2021\/12\/ppppp-768x511.jpg 768w\" sizes=\"auto, (max-width: 1280px) 100vw, 1280px\" \/><\/a>(De la p\u00e1gina del Rally Mar y Sierras)<\/div>\n<\/div>\n<\/div>\n","protected":false},"excerpt":{"rendered":"<p>El Rally Mar y Sierras cerr\u00f3 su temporada 2021 en la ciudad de Ayacucho, en el marco de un Gran<\/p>\n","protected":false},"author":3,"featured_media":36136,"comment_status":"open","ping_status":"open","sticky":false,"template":"","format":"standard","meta":{"colormag_page_container_layout":"default_layout","colormag_page_sidebar_layout":"default_layout","footnotes":""},"categories":[1],"tags":[],"class_list":["post-36134","post","type-post","status-publish","format-standard","has-post-thumbnail","hentry","category-actualidad"],"_links":{"self":[{"href":"https:\/\/grupotiempodigital.com.ar\/index.php?rest_route=\/wp\/v2\/posts\/36134","targetHints":{"allow":["GET"]}}],"collection":[{"href":"https:\/\/grupotiempodigital.com.ar\/index.php?rest_route=\/wp\/v2\/posts"}],"about":[{"href":"https:\/\/grupotiempodigital.com.ar\/index.php?rest_route=\/wp\/v2\/types\/post"}],"author":[{"embeddable":true,"href":"https:\/\/grupotiempodigital.com.ar\/index.php?rest_route=\/wp\/v2\/users\/3"}],"replies":[{"embeddable":true,"href":"https:\/\/grupotiempodigital.com.ar\/index.php?rest_route=%2Fwp%2Fv2%2Fcomments&post=36134"}],"version-history":[{"count":2,"href":"https:\/\/grupotiempodigital.com.ar\/index.php?rest_route=\/wp\/v2\/posts\/36134\/revisions"}],"predecessor-version":[{"id":36137,"href":"https:\/\/grupotiempodigital.com.ar\/index.php?rest_route=\/wp\/v2\/posts\/36134\/revisions\/36137"}],"wp:featuredmedia":[{"embeddable":true,"href":"https:\/\/grupotiempodigital.com.ar\/index.php?rest_route=\/wp\/v2\/media\/36136"}],"wp:attachment":[{"href":"https:\/\/grupotiempodigital.com.ar\/index.php?rest_route=%2Fwp%2Fv2%2Fmedia&parent=36134"}],"wp:term":[{"taxonomy":"category","embeddable":true,"href":"https:\/\/grupotiempodigital.com.ar\/index.php?rest_route=%2Fwp%2Fv2%2Fcategories&post=36134"},{"taxonomy":"post_tag","embeddable":true,"href":"https:\/\/grupotiempodigital.com.ar\/index.php?rest_route=%2Fwp%2Fv2%2Ftags&post=36134"}],"curies":[{"name":"wp","href":"https:\/\/api.w.org\/{rel}","templated":true}]}}