{"id":36112,"date":"2021-12-17T20:27:05","date_gmt":"2021-12-17T23:27:05","guid":{"rendered":"https:\/\/grupotiempodigital.com.ar\/?p=36112"},"modified":"2021-12-17T20:27:05","modified_gmt":"2021-12-17T23:27:05","slug":"acto-por-el-200-aniversario-de-la-policia-bonaerense","status":"publish","type":"post","link":"https:\/\/grupotiempodigital.com.ar\/?p=36112","title":{"rendered":"ACTO POR EL 200\u00b0 ANIVERSARIO DE LA POLIC\u00cdA BONAERENSE"},"content":{"rendered":"<p class=\"paragraph\" style=\"text-align: justify; vertical-align: baseline; margin: 12.0pt 0in 0in 0in;\"><span class=\"eop\"><span lang=\"ES-AR\">Esta ma\u00f1ana, en el Gimnasio Mayor del Centro de Educaci\u00f3n F\u00edsica, se llev\u00f3 a cabo el acto de festejo del 200\u00b0 aniversario de la Polic\u00eda de la Provincia de Buenos Aires. Encabezado por el Intendente Municipal Juan Manuel \u00c1lvarez, el acto tambi\u00e9n cont\u00f3 con la presencia del Secretario de Seguridad del distrito, Mat\u00edas Zapata y autoridades policiales locales.<\/span><\/span><\/p>\n<p class=\"paragraph\" style=\"text-align: justify; vertical-align: baseline; margin: 12.0pt 0in 0in 0in;\"><span class=\"eop\"><span lang=\"ES-AR\">El Jefe Comunal se dirigi\u00f3 a los presentes, saludando a los efectivos por la tarea realizada durante el a\u00f1o y su trabajo en tiempos de pandemia. Posteriormente tom\u00f3 la palabra el Comisario Inspector Patricio Caballero. Finalmente, los casi 100 efectivos de las diferentes dependencias policiales del distrito recibieron un diploma en reconocimiento a su labor.<\/span><\/span><\/p>\n<p><a href=\"https:\/\/grupotiempodigital.com.ar\/wp-content\/uploads\/2021\/12\/IMG-20211217-WA0022.jpg\"><img loading=\"lazy\" decoding=\"async\" class=\"aligncenter size-full wp-image-36114\" src=\"https:\/\/grupotiempodigital.com.ar\/wp-content\/uploads\/2021\/12\/IMG-20211217-WA0022.jpg\" alt=\"\" width=\"937\" height=\"625\" srcset=\"https:\/\/grupotiempodigital.com.ar\/wp-content\/uploads\/2021\/12\/IMG-20211217-WA0022.jpg 937w, https:\/\/grupotiempodigital.com.ar\/wp-content\/uploads\/2021\/12\/IMG-20211217-WA0022-300x200.jpg 300w, https:\/\/grupotiempodigital.com.ar\/wp-content\/uploads\/2021\/12\/IMG-20211217-WA0022-768x512.jpg 768w\" sizes=\"auto, (max-width: 937px) 100vw, 937px\" \/><\/a> <a href=\"https:\/\/grupotiempodigital.com.ar\/wp-content\/uploads\/2021\/12\/IMG-20211217-WA0024.jpg\"><img loading=\"lazy\" decoding=\"async\" class=\"aligncenter size-full wp-image-36115\" src=\"https:\/\/grupotiempodigital.com.ar\/wp-content\/uploads\/2021\/12\/IMG-20211217-WA0024.jpg\" alt=\"\" width=\"937\" height=\"625\" srcset=\"https:\/\/grupotiempodigital.com.ar\/wp-content\/uploads\/2021\/12\/IMG-20211217-WA0024.jpg 937w, https:\/\/grupotiempodigital.com.ar\/wp-content\/uploads\/2021\/12\/IMG-20211217-WA0024-300x200.jpg 300w, https:\/\/grupotiempodigital.com.ar\/wp-content\/uploads\/2021\/12\/IMG-20211217-WA0024-768x512.jpg 768w\" sizes=\"auto, (max-width: 937px) 100vw, 937px\" \/><\/a> <a href=\"https:\/\/grupotiempodigital.com.ar\/wp-content\/uploads\/2021\/12\/IMG-20211217-WA0023.jpg\"><img loading=\"lazy\" decoding=\"async\" class=\"aligncenter size-full wp-image-36116\" src=\"https:\/\/grupotiempodigital.com.ar\/wp-content\/uploads\/2021\/12\/IMG-20211217-WA0023.jpg\" alt=\"\" width=\"937\" height=\"625\" srcset=\"https:\/\/grupotiempodigital.com.ar\/wp-content\/uploads\/2021\/12\/IMG-20211217-WA0023.jpg 937w, https:\/\/grupotiempodigital.com.ar\/wp-content\/uploads\/2021\/12\/IMG-20211217-WA0023-300x200.jpg 300w, https:\/\/grupotiempodigital.com.ar\/wp-content\/uploads\/2021\/12\/IMG-20211217-WA0023-768x512.jpg 768w\" sizes=\"auto, (max-width: 937px) 100vw, 937px\" \/><\/a> <a href=\"https:\/\/grupotiempodigital.com.ar\/wp-content\/uploads\/2021\/12\/IMG-20211217-WA0026.jpg\"><img loading=\"lazy\" decoding=\"async\" class=\"aligncenter size-full wp-image-36117\" src=\"https:\/\/grupotiempodigital.com.ar\/wp-content\/uploads\/2021\/12\/IMG-20211217-WA0026.jpg\" alt=\"\" width=\"937\" height=\"625\" srcset=\"https:\/\/grupotiempodigital.com.ar\/wp-content\/uploads\/2021\/12\/IMG-20211217-WA0026.jpg 937w, https:\/\/grupotiempodigital.com.ar\/wp-content\/uploads\/2021\/12\/IMG-20211217-WA0026-300x200.jpg 300w, https:\/\/grupotiempodigital.com.ar\/wp-content\/uploads\/2021\/12\/IMG-20211217-WA0026-768x512.jpg 768w\" sizes=\"auto, (max-width: 937px) 100vw, 937px\" \/><\/a> <a href=\"https:\/\/grupotiempodigital.com.ar\/wp-content\/uploads\/2021\/12\/IMG-20211217-WA0025.jpg\"><img loading=\"lazy\" decoding=\"async\" class=\"aligncenter size-full wp-image-36118\" src=\"https:\/\/grupotiempodigital.com.ar\/wp-content\/uploads\/2021\/12\/IMG-20211217-WA0025.jpg\" alt=\"\" width=\"937\" height=\"625\" srcset=\"https:\/\/grupotiempodigital.com.ar\/wp-content\/uploads\/2021\/12\/IMG-20211217-WA0025.jpg 937w, https:\/\/grupotiempodigital.com.ar\/wp-content\/uploads\/2021\/12\/IMG-20211217-WA0025-300x200.jpg 300w, https:\/\/grupotiempodigital.com.ar\/wp-content\/uploads\/2021\/12\/IMG-20211217-WA0025-768x512.jpg 768w\" sizes=\"auto, (max-width: 937px) 100vw, 937px\" \/><\/a> <a href=\"https:\/\/grupotiempodigital.com.ar\/wp-content\/uploads\/2021\/12\/IMG-20211217-WA0028.jpg\"><img loading=\"lazy\" decoding=\"async\" class=\"aligncenter size-full wp-image-36119\" src=\"https:\/\/grupotiempodigital.com.ar\/wp-content\/uploads\/2021\/12\/IMG-20211217-WA0028.jpg\" alt=\"\" width=\"937\" height=\"625\" srcset=\"https:\/\/grupotiempodigital.com.ar\/wp-content\/uploads\/2021\/12\/IMG-20211217-WA0028.jpg 937w, https:\/\/grupotiempodigital.com.ar\/wp-content\/uploads\/2021\/12\/IMG-20211217-WA0028-300x200.jpg 300w, https:\/\/grupotiempodigital.com.ar\/wp-content\/uploads\/2021\/12\/IMG-20211217-WA0028-768x512.jpg 768w\" sizes=\"auto, (max-width: 937px) 100vw, 937px\" \/><\/a> <img loading=\"lazy\" decoding=\"async\" class=\"aligncenter size-full wp-image-36120\" src=\"https:\/\/grupotiempodigital.com.ar\/wp-content\/uploads\/2021\/12\/IMG-20211217-WA0027.jpg\" alt=\"\" width=\"937\" height=\"625\" srcset=\"https:\/\/grupotiempodigital.com.ar\/wp-content\/uploads\/2021\/12\/IMG-20211217-WA0027.jpg 937w, https:\/\/grupotiempodigital.com.ar\/wp-content\/uploads\/2021\/12\/IMG-20211217-WA0027-300x200.jpg 300w, https:\/\/grupotiempodigital.com.ar\/wp-content\/uploads\/2021\/12\/IMG-20211217-WA0027-768x512.jpg 768w\" sizes=\"auto, (max-width: 937px) 100vw, 937px\" \/><\/p>\n","protected":false},"excerpt":{"rendered":"<p>Esta ma\u00f1ana, en el Gimnasio Mayor del Centro de Educaci\u00f3n F\u00edsica, se llev\u00f3 a cabo el acto de festejo del<\/p>\n","protected":false},"author":3,"featured_media":36118,"comment_status":"open","ping_status":"open","sticky":false,"template":"","format":"standard","meta":{"colormag_page_container_layout":"default_layout","colormag_page_sidebar_layout":"default_layout","footnotes":""},"categories":[1,38,44,39],"tags":[],"class_list":["post-36112","post","type-post","status-publish","format-standard","has-post-thumbnail","hentry","category-actualidad","category-destacadas","category-general-paz","category-policiales"],"_links":{"self":[{"href":"https:\/\/grupotiempodigital.com.ar\/index.php?rest_route=\/wp\/v2\/posts\/36112","targetHints":{"allow":["GET"]}}],"collection":[{"href":"https:\/\/grupotiempodigital.com.ar\/index.php?rest_route=\/wp\/v2\/posts"}],"about":[{"href":"https:\/\/grupotiempodigital.com.ar\/index.php?rest_route=\/wp\/v2\/types\/post"}],"author":[{"embeddable":true,"href":"https:\/\/grupotiempodigital.com.ar\/index.php?rest_route=\/wp\/v2\/users\/3"}],"replies":[{"embeddable":true,"href":"https:\/\/grupotiempodigital.com.ar\/index.php?rest_route=%2Fwp%2Fv2%2Fcomments&post=36112"}],"version-history":[{"count":2,"href":"https:\/\/grupotiempodigital.com.ar\/index.php?rest_route=\/wp\/v2\/posts\/36112\/revisions"}],"predecessor-version":[{"id":36121,"href":"https:\/\/grupotiempodigital.com.ar\/index.php?rest_route=\/wp\/v2\/posts\/36112\/revisions\/36121"}],"wp:featuredmedia":[{"embeddable":true,"href":"https:\/\/grupotiempodigital.com.ar\/index.php?rest_route=\/wp\/v2\/media\/36118"}],"wp:attachment":[{"href":"https:\/\/grupotiempodigital.com.ar\/index.php?rest_route=%2Fwp%2Fv2%2Fmedia&parent=36112"}],"wp:term":[{"taxonomy":"category","embeddable":true,"href":"https:\/\/grupotiempodigital.com.ar\/index.php?rest_route=%2Fwp%2Fv2%2Fcategories&post=36112"},{"taxonomy":"post_tag","embeddable":true,"href":"https:\/\/grupotiempodigital.com.ar\/index.php?rest_route=%2Fwp%2Fv2%2Ftags&post=36112"}],"curies":[{"name":"wp","href":"https:\/\/api.w.org\/{rel}","templated":true}]}}