{"id":36100,"date":"2021-12-17T12:52:00","date_gmt":"2021-12-17T15:52:00","guid":{"rendered":"https:\/\/grupotiempodigital.com.ar\/?p=36100"},"modified":"2021-12-17T12:52:00","modified_gmt":"2021-12-17T15:52:00","slug":"ante-el-reinicio-de-las-obras-en-marcha-l-lorenzin-no-puedo-salir-a-responder-todo-lo-que-se-dice-en-las-redes-y-en-algunos-medios-que-hasta-son-ironicos-con-cuestiones-muy-serias","status":"publish","type":"post","link":"https:\/\/grupotiempodigital.com.ar\/?p=36100","title":{"rendered":"Ante el reinicio de las obras en marcha. L. Lorenzin: \u00ab No puedo salir a responder todo lo que se dice en las redes y en algunos medios que hasta son ir\u00f3nicos con cuestiones muy serias\u00bb"},"content":{"rendered":"<p><strong>-El titular de Obras P\u00fablicas de la Municipalidad detall\u00f3 los trabajos que ya comenz\u00f3 a realizar la empresa Construmex SA que pasadas las elecciones \u00faltimas detuvo esas obras dando lugar a especulaciones, acusaciones carentes de cualquier solidez informativa y una evidente intenci\u00f3n de descalificar al gobierno comunal-<\/strong><br \/>\n\u00abLa empresa que debi\u00f3 suspender por algunos d\u00edas sus trabajos de repavimentaci\u00f3n en la ruta 215 y las obras conexas aqu\u00ed en Ranchos para negociar ajustes en el contrato y alg\u00fan cobro, tal como lo dijimos en ese mismo momento, volver\u00eda en algunos d\u00edas a terminar todas las obras anunciadas, ya est\u00e1 de nuevo con su obrador -continu\u00f3 Lorenz\u00edn- y lo primero que est\u00e1 haciendo es el tramo de la calle Irigoyen entre calle 84 y desv\u00edo de tr\u00e1nsito pesado para darle accesibilidad al flamante Jard\u00edn 905 que comienza a funcionar en 2022. Tambi\u00e9n se trabaja en la preparaci\u00f3n del suelo de la calle Moreno entre Espa\u00f1a y el desv\u00edo de tr\u00e1nsito pesado en lo que ser\u00e1 cuando Espa\u00f1a se prolongue hasta Moreno pasando por la zona de la estaci\u00f3n en una v\u00eda alternativa importante para salir al desv\u00edo\u00bb detall\u00f3 el funcionario que agreg\u00f3 un amplio informe de obras.<\/p>\n<p>Lorenz\u00edn no eludi\u00f3 lo ocurrido horas despu\u00e9s de los comicios que el oficialismo ganara apenas por una decena de votos. \u201cYo sigo muy de cerca todo lo que se dice y escribe en las redes sin fundamento alguno y con un alto nivel de desinformaci\u00f3n. Es alarmante esa desinformaci\u00f3n. Y s\u00e9 que ustedes permanentemente luchan por ilustrar a los vecinos, pero en otros casos not\u00e9 hasta cierta iron\u00eda y como un extra\u00f1o placer al dar cuenta que las obras no se har\u00edan porque hab\u00edan pasado las elecciones. Es claro- continu\u00f3 -que con los \u00edndices de inflaci\u00f3n de nuestro pa\u00eds permanentemente los contratos deben renegociarse y eso lleva a demorar las obras, pero de ah\u00ed a los argumentos que suelen leerse y escucharse hay un abismo\u2026.\u201d sentenci\u00f3.<br \/>\n\u201cLa empresa GyC ya est\u00e1 en su obrador para dar comienzo a la obra de tapado del canal y la pavimentaci\u00f3n de esa zona. Construmex pronto reiniciar\u00e1 la pavimentaci\u00f3n del principal acceso a Villa Ramallo donde tambi\u00e9n se levantan las 38 viviendas que se se sumar\u00e1n a las 86 ya en marcha y estamos trabajando en los desag\u00fces cloacales de dicho barrio. Seguimos con otras obras ya anunciadas como el edificio de la Casa de la Provincia y nuestra exigencia de tener financiaci\u00f3n para el traslado del corral\u00f3n, cosa en la que ayer trabaj\u00f3 el intendente. A fines de enero o febrero esa obra comienza como tambi\u00e9n avanzamos en el proyecto de la terminal de \u00f3mnibus municipal y un gran play\u00f3n para estacionamiento de camiones y acoplados que ayer el intendente Alvarez convers\u00f3 con Francisco Echarren y el ministro del \u00e1rea de naci\u00f3n\u201d.<br \/>\nLorenz\u00edn ratific\u00f3 todas las obras que estaban en agenda y hasta dio detalles del balneario R\u00edo Salado. \u201c Hoy estuve en el lugar. Ya se ha terminado todo el pavimento interno del predio, la parquizaci\u00f3n y la planta de muchos \u00e1rboles y se avanza en la construcci\u00f3n del sal\u00f3n nuevo que servir\u00e1 a todo el barrio para todo tipo de eventos. Por su parte la vieja confiter\u00eda mantendr\u00e1 su estilo y ser\u00e1 puesta en valor\u201d A mediados de enero el SUM all\u00ed estar\u00e1 terminado.<br \/>\nEl secretario de Obras tambi\u00e9n adelant\u00f3 en primicia que se han logrado acuerdos con la Sociedad Uni\u00f3n Italiana para realizar tareas de refacci\u00f3n y reacondicionamiento del cine teatro Uni\u00f3n Italiana y sum\u00f3 mas detalles del mas ambicioso programa de Obras que recuerde el distrito y que en medio del proceso electoral termin\u00f3 siendo distorsionado y hasta menoscabado por \u201cla tremenda desinformaci\u00f3n reinante\u201d como afirm\u00f3 el funcionario y por quienes como \u201cargentinos al palo que son\u201d a falta de m\u00e9ritos propios para lucir, creen encontrar su brillo en imaginar inexistentes fallas ajenas.<br \/>\nMuchas veces, hasta pasando por alto algunos errores que pueda cometer esa gesti\u00f3n a los que extra\u00f1amente no ven, no saben y no contestan.<\/p>\n","protected":false},"excerpt":{"rendered":"<p>-El titular de Obras P\u00fablicas de la Municipalidad detall\u00f3 los trabajos que ya comenz\u00f3 a realizar la empresa Construmex SA<\/p>\n","protected":false},"author":3,"featured_media":36102,"comment_status":"open","ping_status":"open","sticky":false,"template":"","format":"standard","meta":{"colormag_page_container_layout":"default_layout","colormag_page_sidebar_layout":"default_layout","footnotes":""},"categories":[1],"tags":[],"class_list":["post-36100","post","type-post","status-publish","format-standard","has-post-thumbnail","hentry","category-actualidad"],"_links":{"self":[{"href":"https:\/\/grupotiempodigital.com.ar\/index.php?rest_route=\/wp\/v2\/posts\/36100","targetHints":{"allow":["GET"]}}],"collection":[{"href":"https:\/\/grupotiempodigital.com.ar\/index.php?rest_route=\/wp\/v2\/posts"}],"about":[{"href":"https:\/\/grupotiempodigital.com.ar\/index.php?rest_route=\/wp\/v2\/types\/post"}],"author":[{"embeddable":true,"href":"https:\/\/grupotiempodigital.com.ar\/index.php?rest_route=\/wp\/v2\/users\/3"}],"replies":[{"embeddable":true,"href":"https:\/\/grupotiempodigital.com.ar\/index.php?rest_route=%2Fwp%2Fv2%2Fcomments&post=36100"}],"version-history":[{"count":2,"href":"https:\/\/grupotiempodigital.com.ar\/index.php?rest_route=\/wp\/v2\/posts\/36100\/revisions"}],"predecessor-version":[{"id":36103,"href":"https:\/\/grupotiempodigital.com.ar\/index.php?rest_route=\/wp\/v2\/posts\/36100\/revisions\/36103"}],"wp:featuredmedia":[{"embeddable":true,"href":"https:\/\/grupotiempodigital.com.ar\/index.php?rest_route=\/wp\/v2\/media\/36102"}],"wp:attachment":[{"href":"https:\/\/grupotiempodigital.com.ar\/index.php?rest_route=%2Fwp%2Fv2%2Fmedia&parent=36100"}],"wp:term":[{"taxonomy":"category","embeddable":true,"href":"https:\/\/grupotiempodigital.com.ar\/index.php?rest_route=%2Fwp%2Fv2%2Fcategories&post=36100"},{"taxonomy":"post_tag","embeddable":true,"href":"https:\/\/grupotiempodigital.com.ar\/index.php?rest_route=%2Fwp%2Fv2%2Ftags&post=36100"}],"curies":[{"name":"wp","href":"https:\/\/api.w.org\/{rel}","templated":true}]}}