{"id":36091,"date":"2021-12-17T12:29:30","date_gmt":"2021-12-17T15:29:30","guid":{"rendered":"https:\/\/grupotiempodigital.com.ar\/?p=36091"},"modified":"2021-12-17T12:29:30","modified_gmt":"2021-12-17T15:29:30","slug":"el-intendente-recibio-al-sub-administrador-del-instituto-de-la-vivienda","status":"publish","type":"post","link":"https:\/\/grupotiempodigital.com.ar\/?p=36091","title":{"rendered":"EL INTENDENTE RECIBI\u00d3 AL SUB ADMINISTRADOR DEL INSTITUTO DE LA VIVIENDA"},"content":{"rendered":"<p>En la tarde de ayer, el Intendente Municipal Juan Manuel Alvarez recibi\u00f3 en Ranchos al Sub Administrador del Instituto de la Vivienda de la Provincia de Buenos Aires, Diego Men\u00e9ndez, para recorrer las obras dependientes del organismo provincial en el distrito.<\/p>\n<p>Junto al Secretario de Obras P\u00fablicas y Privadas de la Municipalidad, Luciano Lorenz\u00edn, recorrieron la obra de construcci\u00f3n de 39 viviendas correspondientes al Programa Bonaerense II Solidaridad, edificadas en terrenos municipales sobre la Avenida Ferrante, para verificar su avance y analizar la continuidad de los trabajos en materia de soluciones habitacionales.<\/p>\n<p>Finalmente, visitaron el barrio de 53 viviendas del Plan Federal Plurianual entregadas hace pocos meses, para hablar con los vecinos y vecinas beneficiaros, que cumplieron el sue\u00f1o de conseguir un techo propio.<\/p>\n<p><a href=\"https:\/\/grupotiempodigital.com.ar\/wp-content\/uploads\/2021\/12\/WhatsApp-Image-2021-12-17-at-12.26.19.jpeg\"><img loading=\"lazy\" decoding=\"async\" class=\"aligncenter size-full wp-image-36093\" src=\"https:\/\/grupotiempodigital.com.ar\/wp-content\/uploads\/2021\/12\/WhatsApp-Image-2021-12-17-at-12.26.19.jpeg\" alt=\"\" width=\"1280\" height=\"853\" srcset=\"https:\/\/grupotiempodigital.com.ar\/wp-content\/uploads\/2021\/12\/WhatsApp-Image-2021-12-17-at-12.26.19.jpeg 1280w, https:\/\/grupotiempodigital.com.ar\/wp-content\/uploads\/2021\/12\/WhatsApp-Image-2021-12-17-at-12.26.19-300x200.jpeg 300w, https:\/\/grupotiempodigital.com.ar\/wp-content\/uploads\/2021\/12\/WhatsApp-Image-2021-12-17-at-12.26.19-1024x682.jpeg 1024w, https:\/\/grupotiempodigital.com.ar\/wp-content\/uploads\/2021\/12\/WhatsApp-Image-2021-12-17-at-12.26.19-768x512.jpeg 768w\" sizes=\"auto, (max-width: 1280px) 100vw, 1280px\" \/><\/a> <a href=\"https:\/\/grupotiempodigital.com.ar\/wp-content\/uploads\/2021\/12\/WhatsApp-Image-2021-12-17-at-12.26.20-1.jpeg\"><img loading=\"lazy\" decoding=\"async\" class=\"aligncenter size-full wp-image-36094\" src=\"https:\/\/grupotiempodigital.com.ar\/wp-content\/uploads\/2021\/12\/WhatsApp-Image-2021-12-17-at-12.26.20-1.jpeg\" alt=\"\" width=\"1280\" height=\"853\" srcset=\"https:\/\/grupotiempodigital.com.ar\/wp-content\/uploads\/2021\/12\/WhatsApp-Image-2021-12-17-at-12.26.20-1.jpeg 1280w, https:\/\/grupotiempodigital.com.ar\/wp-content\/uploads\/2021\/12\/WhatsApp-Image-2021-12-17-at-12.26.20-1-300x200.jpeg 300w, https:\/\/grupotiempodigital.com.ar\/wp-content\/uploads\/2021\/12\/WhatsApp-Image-2021-12-17-at-12.26.20-1-1024x682.jpeg 1024w, https:\/\/grupotiempodigital.com.ar\/wp-content\/uploads\/2021\/12\/WhatsApp-Image-2021-12-17-at-12.26.20-1-768x512.jpeg 768w\" sizes=\"auto, (max-width: 1280px) 100vw, 1280px\" \/><\/a> <a href=\"https:\/\/grupotiempodigital.com.ar\/wp-content\/uploads\/2021\/12\/WhatsApp-Image-2021-12-17-at-12.26.20-2.jpeg\"><img loading=\"lazy\" decoding=\"async\" class=\"aligncenter size-full wp-image-36095\" src=\"https:\/\/grupotiempodigital.com.ar\/wp-content\/uploads\/2021\/12\/WhatsApp-Image-2021-12-17-at-12.26.20-2.jpeg\" alt=\"\" width=\"1280\" height=\"853\" srcset=\"https:\/\/grupotiempodigital.com.ar\/wp-content\/uploads\/2021\/12\/WhatsApp-Image-2021-12-17-at-12.26.20-2.jpeg 1280w, https:\/\/grupotiempodigital.com.ar\/wp-content\/uploads\/2021\/12\/WhatsApp-Image-2021-12-17-at-12.26.20-2-300x200.jpeg 300w, https:\/\/grupotiempodigital.com.ar\/wp-content\/uploads\/2021\/12\/WhatsApp-Image-2021-12-17-at-12.26.20-2-1024x682.jpeg 1024w, https:\/\/grupotiempodigital.com.ar\/wp-content\/uploads\/2021\/12\/WhatsApp-Image-2021-12-17-at-12.26.20-2-768x512.jpeg 768w\" sizes=\"auto, (max-width: 1280px) 100vw, 1280px\" \/><\/a> <a href=\"https:\/\/grupotiempodigital.com.ar\/wp-content\/uploads\/2021\/12\/WhatsApp-Image-2021-12-17-at-12.26.20.jpeg\"><img loading=\"lazy\" decoding=\"async\" class=\"aligncenter size-full wp-image-36096\" src=\"https:\/\/grupotiempodigital.com.ar\/wp-content\/uploads\/2021\/12\/WhatsApp-Image-2021-12-17-at-12.26.20.jpeg\" alt=\"\" width=\"1280\" height=\"853\" srcset=\"https:\/\/grupotiempodigital.com.ar\/wp-content\/uploads\/2021\/12\/WhatsApp-Image-2021-12-17-at-12.26.20.jpeg 1280w, https:\/\/grupotiempodigital.com.ar\/wp-content\/uploads\/2021\/12\/WhatsApp-Image-2021-12-17-at-12.26.20-300x200.jpeg 300w, https:\/\/grupotiempodigital.com.ar\/wp-content\/uploads\/2021\/12\/WhatsApp-Image-2021-12-17-at-12.26.20-1024x682.jpeg 1024w, https:\/\/grupotiempodigital.com.ar\/wp-content\/uploads\/2021\/12\/WhatsApp-Image-2021-12-17-at-12.26.20-768x512.jpeg 768w\" sizes=\"auto, (max-width: 1280px) 100vw, 1280px\" \/><\/a> <a href=\"https:\/\/grupotiempodigital.com.ar\/wp-content\/uploads\/2021\/12\/WhatsApp-Image-2021-12-17-at-12.26.21-1.jpeg\"><img loading=\"lazy\" decoding=\"async\" class=\"aligncenter size-full wp-image-36097\" src=\"https:\/\/grupotiempodigital.com.ar\/wp-content\/uploads\/2021\/12\/WhatsApp-Image-2021-12-17-at-12.26.21-1.jpeg\" alt=\"\" width=\"1280\" height=\"853\" srcset=\"https:\/\/grupotiempodigital.com.ar\/wp-content\/uploads\/2021\/12\/WhatsApp-Image-2021-12-17-at-12.26.21-1.jpeg 1280w, https:\/\/grupotiempodigital.com.ar\/wp-content\/uploads\/2021\/12\/WhatsApp-Image-2021-12-17-at-12.26.21-1-300x200.jpeg 300w, https:\/\/grupotiempodigital.com.ar\/wp-content\/uploads\/2021\/12\/WhatsApp-Image-2021-12-17-at-12.26.21-1-1024x682.jpeg 1024w, https:\/\/grupotiempodigital.com.ar\/wp-content\/uploads\/2021\/12\/WhatsApp-Image-2021-12-17-at-12.26.21-1-768x512.jpeg 768w\" sizes=\"auto, (max-width: 1280px) 100vw, 1280px\" \/><\/a> <a href=\"https:\/\/grupotiempodigital.com.ar\/wp-content\/uploads\/2021\/12\/WhatsApp-Image-2021-12-17-at-12.26.21.jpeg\"><img loading=\"lazy\" decoding=\"async\" class=\"aligncenter size-full wp-image-36098\" src=\"https:\/\/grupotiempodigital.com.ar\/wp-content\/uploads\/2021\/12\/WhatsApp-Image-2021-12-17-at-12.26.21.jpeg\" alt=\"\" width=\"1280\" height=\"853\" srcset=\"https:\/\/grupotiempodigital.com.ar\/wp-content\/uploads\/2021\/12\/WhatsApp-Image-2021-12-17-at-12.26.21.jpeg 1280w, https:\/\/grupotiempodigital.com.ar\/wp-content\/uploads\/2021\/12\/WhatsApp-Image-2021-12-17-at-12.26.21-300x200.jpeg 300w, https:\/\/grupotiempodigital.com.ar\/wp-content\/uploads\/2021\/12\/WhatsApp-Image-2021-12-17-at-12.26.21-1024x682.jpeg 1024w, https:\/\/grupotiempodigital.com.ar\/wp-content\/uploads\/2021\/12\/WhatsApp-Image-2021-12-17-at-12.26.21-768x512.jpeg 768w\" sizes=\"auto, (max-width: 1280px) 100vw, 1280px\" \/><\/a><\/p>\n<p>&nbsp;<\/p>\n<p><strong>MUNICIPALIDAD DE GENERAL PAZ<\/strong><\/p>\n<p><strong>Estamos cambiando por vos<\/strong><\/p>\n<p>&nbsp;<\/p>\n","protected":false},"excerpt":{"rendered":"<p>En la tarde de ayer, el Intendente Municipal Juan Manuel Alvarez recibi\u00f3 en Ranchos al Sub Administrador del Instituto de<\/p>\n","protected":false},"author":3,"featured_media":36096,"comment_status":"open","ping_status":"open","sticky":false,"template":"","format":"standard","meta":{"colormag_page_container_layout":"default_layout","colormag_page_sidebar_layout":"default_layout","footnotes":""},"categories":[1,38,44],"tags":[],"class_list":["post-36091","post","type-post","status-publish","format-standard","has-post-thumbnail","hentry","category-actualidad","category-destacadas","category-general-paz"],"_links":{"self":[{"href":"https:\/\/grupotiempodigital.com.ar\/index.php?rest_route=\/wp\/v2\/posts\/36091","targetHints":{"allow":["GET"]}}],"collection":[{"href":"https:\/\/grupotiempodigital.com.ar\/index.php?rest_route=\/wp\/v2\/posts"}],"about":[{"href":"https:\/\/grupotiempodigital.com.ar\/index.php?rest_route=\/wp\/v2\/types\/post"}],"author":[{"embeddable":true,"href":"https:\/\/grupotiempodigital.com.ar\/index.php?rest_route=\/wp\/v2\/users\/3"}],"replies":[{"embeddable":true,"href":"https:\/\/grupotiempodigital.com.ar\/index.php?rest_route=%2Fwp%2Fv2%2Fcomments&post=36091"}],"version-history":[{"count":2,"href":"https:\/\/grupotiempodigital.com.ar\/index.php?rest_route=\/wp\/v2\/posts\/36091\/revisions"}],"predecessor-version":[{"id":36099,"href":"https:\/\/grupotiempodigital.com.ar\/index.php?rest_route=\/wp\/v2\/posts\/36091\/revisions\/36099"}],"wp:featuredmedia":[{"embeddable":true,"href":"https:\/\/grupotiempodigital.com.ar\/index.php?rest_route=\/wp\/v2\/media\/36096"}],"wp:attachment":[{"href":"https:\/\/grupotiempodigital.com.ar\/index.php?rest_route=%2Fwp%2Fv2%2Fmedia&parent=36091"}],"wp:term":[{"taxonomy":"category","embeddable":true,"href":"https:\/\/grupotiempodigital.com.ar\/index.php?rest_route=%2Fwp%2Fv2%2Fcategories&post=36091"},{"taxonomy":"post_tag","embeddable":true,"href":"https:\/\/grupotiempodigital.com.ar\/index.php?rest_route=%2Fwp%2Fv2%2Ftags&post=36091"}],"curies":[{"name":"wp","href":"https:\/\/api.w.org\/{rel}","templated":true}]}}