{"id":36077,"date":"2021-12-16T14:52:21","date_gmt":"2021-12-16T17:52:21","guid":{"rendered":"https:\/\/grupotiempodigital.com.ar\/?p=36077"},"modified":"2021-12-16T14:52:21","modified_gmt":"2021-12-16T17:52:21","slug":"cooperativa-de-electricidad-de-ranchos-ltda-servicios-certel-telefonia-e-internet","status":"publish","type":"post","link":"https:\/\/grupotiempodigital.com.ar\/?p=36077","title":{"rendered":"Cooperativa de Electricidad de Ranchos Ltda.: SERVICIOS CERTEL \u2013 (TELEFONIA E INTERNET)."},"content":{"rendered":"<p>Por la presente, informamos que <strong>a partir del lunes 3 de enero de 2022, la atenci\u00f3n administrativa y t\u00e9cnica<\/strong> para los servicios de telefon\u00eda e internet, se realizar\u00e1 <strong>exclusivamente en las oficinas de Calle Sansi\u00f1ena 3651<\/strong> de Ranchos.<br \/>\nEl horario de atenci\u00f3n al p\u00fablico ser\u00e1: <strong>Lunes a Viernes de 08:00 a 13:00 hs.<\/strong><br \/>\nLos tr\u00e1mites que se podr\u00e1n realizar en las nuevas oficinas ser\u00e1n:<br \/>\n<strong>Solicitud de nuevas conexiones<\/strong><br \/>\n<strong>Bajas<\/strong><br \/>\n<strong>Reclamos t\u00e9cnicos o administrativos.<\/strong><br \/>\n<strong>Pedidos de Factibilidad<\/strong><br \/>\n<strong>Asesoramiento general<\/strong><br \/>\nLa cobranza por <strong>caja<\/strong> de los mencionados servicios permanecer\u00e1 en las <strong>oficinas centrales<\/strong> de Calle Hip\u00f3lito Irigoyen 3674 hasta nuevo aviso.<\/p>\n<p style=\"text-align: center;\">\n<strong>COOPERATIVA DE ELECTRICIDAD DE RANCHOS LTDA.<\/strong><\/p>\n<p><a href=\"https:\/\/grupotiempodigital.com.ar\/wp-content\/uploads\/2021\/12\/coo.jpg\"><img loading=\"lazy\" decoding=\"async\" class=\"aligncenter size-full wp-image-36079\" src=\"https:\/\/grupotiempodigital.com.ar\/wp-content\/uploads\/2021\/12\/coo.jpg\" alt=\"\" width=\"409\" height=\"579\" srcset=\"https:\/\/grupotiempodigital.com.ar\/wp-content\/uploads\/2021\/12\/coo.jpg 409w, https:\/\/grupotiempodigital.com.ar\/wp-content\/uploads\/2021\/12\/coo-212x300.jpg 212w\" sizes=\"auto, (max-width: 409px) 100vw, 409px\" \/><\/a><\/p>\n<p>&nbsp;<\/p>\n","protected":false},"excerpt":{"rendered":"<p>Por la presente, informamos que a partir del lunes 3 de enero de 2022, la atenci\u00f3n administrativa y t\u00e9cnica para<\/p>\n","protected":false},"author":3,"featured_media":24126,"comment_status":"open","ping_status":"open","sticky":false,"template":"","format":"standard","meta":{"colormag_page_container_layout":"default_layout","colormag_page_sidebar_layout":"default_layout","footnotes":""},"categories":[1],"tags":[],"class_list":["post-36077","post","type-post","status-publish","format-standard","has-post-thumbnail","hentry","category-actualidad"],"_links":{"self":[{"href":"https:\/\/grupotiempodigital.com.ar\/index.php?rest_route=\/wp\/v2\/posts\/36077","targetHints":{"allow":["GET"]}}],"collection":[{"href":"https:\/\/grupotiempodigital.com.ar\/index.php?rest_route=\/wp\/v2\/posts"}],"about":[{"href":"https:\/\/grupotiempodigital.com.ar\/index.php?rest_route=\/wp\/v2\/types\/post"}],"author":[{"embeddable":true,"href":"https:\/\/grupotiempodigital.com.ar\/index.php?rest_route=\/wp\/v2\/users\/3"}],"replies":[{"embeddable":true,"href":"https:\/\/grupotiempodigital.com.ar\/index.php?rest_route=%2Fwp%2Fv2%2Fcomments&post=36077"}],"version-history":[{"count":2,"href":"https:\/\/grupotiempodigital.com.ar\/index.php?rest_route=\/wp\/v2\/posts\/36077\/revisions"}],"predecessor-version":[{"id":36080,"href":"https:\/\/grupotiempodigital.com.ar\/index.php?rest_route=\/wp\/v2\/posts\/36077\/revisions\/36080"}],"wp:featuredmedia":[{"embeddable":true,"href":"https:\/\/grupotiempodigital.com.ar\/index.php?rest_route=\/wp\/v2\/media\/24126"}],"wp:attachment":[{"href":"https:\/\/grupotiempodigital.com.ar\/index.php?rest_route=%2Fwp%2Fv2%2Fmedia&parent=36077"}],"wp:term":[{"taxonomy":"category","embeddable":true,"href":"https:\/\/grupotiempodigital.com.ar\/index.php?rest_route=%2Fwp%2Fv2%2Fcategories&post=36077"},{"taxonomy":"post_tag","embeddable":true,"href":"https:\/\/grupotiempodigital.com.ar\/index.php?rest_route=%2Fwp%2Fv2%2Ftags&post=36077"}],"curies":[{"name":"wp","href":"https:\/\/api.w.org\/{rel}","templated":true}]}}