{"id":36074,"date":"2021-12-16T14:44:28","date_gmt":"2021-12-16T17:44:28","guid":{"rendered":"https:\/\/grupotiempodigital.com.ar\/?p=36074"},"modified":"2021-12-16T14:55:39","modified_gmt":"2021-12-16T17:55:39","slug":"cooperativa-de-electricidad-de-ranchos-ltda-corte-de-servicio-electrico-por-tareas-de-mantenimiento","status":"publish","type":"post","link":"https:\/\/grupotiempodigital.com.ar\/?p=36074","title":{"rendered":"Cooperativa de Electricidad de Ranchos Ltda.: CORTE DE SERVICIO ELECTRICO POR TAREAS DE MANTENIMIENTO."},"content":{"rendered":"<p style=\"text-align: right;\">Ranchos, 16 de diciembre de 2021.<\/p>\n<p style=\"text-align: left;\">Por la presente, informamos que el <strong>S\u00e1bado 18 de DICIEMBRE DE 2021, entre las 05:00 y las 07:00<\/strong> la Cooperativa realizar\u00e1 <strong>CORTE DE SERVICIO ELECTRICO<\/strong> por tareas de mantenimiento que afectar\u00e1 a las Salidas 2 y 3, con impacto en: zona Rural, Loma Verde y Centro (desde Mitre en direcci\u00f3n tr\u00e1nsito pesado).<br \/>\nLos trabajos a realizar ser\u00e1n:<br \/>\n<strong>&#8211; Nuevo puesto de transformaci\u00f3n de 160 KVA en zona loteo Go\u00f1i, Gonzalez y Fourcade.<\/strong><br \/>\n<strong>&#8211; Poda en Centuri\u00f3n y Belgrano<\/strong><br \/>\n<strong>&#8211; Poda en zona Cementerio<\/strong><br \/>\n<strong>&#8211; Reparaciones y Mantenimientos varios.<\/strong><br \/>\nNuestros equipos t\u00e9cnicos se encontrar\u00e1n trabajando en ese horario en las zonas indicadas por lo que pedimos su comprensi\u00f3n por las molestias que se puedan ocasionar y quedamos a su disposici\u00f3n por cualquier duda o aclaraciones complementarias.<\/p>\n<p style=\"text-align: center;\"><strong>GUARDIA ELECTRICA (2241) 475555<\/strong><br \/>\n<strong>COOPERATIVA DE ELECTRICIDAD DE RANCHOS LTDA.<\/strong><\/p>\n<p><a href=\"https:\/\/grupotiempodigital.com.ar\/wp-content\/uploads\/2021\/12\/corte.jpg\"><img loading=\"lazy\" decoding=\"async\" class=\"aligncenter size-full wp-image-36081\" src=\"https:\/\/grupotiempodigital.com.ar\/wp-content\/uploads\/2021\/12\/corte.jpg\" alt=\"\" width=\"405\" height=\"581\" srcset=\"https:\/\/grupotiempodigital.com.ar\/wp-content\/uploads\/2021\/12\/corte.jpg 405w, https:\/\/grupotiempodigital.com.ar\/wp-content\/uploads\/2021\/12\/corte-209x300.jpg 209w\" sizes=\"auto, (max-width: 405px) 100vw, 405px\" \/><\/a><\/p>\n","protected":false},"excerpt":{"rendered":"<p>Ranchos, 16 de diciembre de 2021. Por la presente, informamos que el S\u00e1bado 18 de DICIEMBRE DE 2021, entre las<\/p>\n","protected":false},"author":3,"featured_media":24126,"comment_status":"open","ping_status":"open","sticky":false,"template":"","format":"standard","meta":{"colormag_page_container_layout":"default_layout","colormag_page_sidebar_layout":"default_layout","footnotes":""},"categories":[1],"tags":[],"class_list":["post-36074","post","type-post","status-publish","format-standard","has-post-thumbnail","hentry","category-actualidad"],"_links":{"self":[{"href":"https:\/\/grupotiempodigital.com.ar\/index.php?rest_route=\/wp\/v2\/posts\/36074","targetHints":{"allow":["GET"]}}],"collection":[{"href":"https:\/\/grupotiempodigital.com.ar\/index.php?rest_route=\/wp\/v2\/posts"}],"about":[{"href":"https:\/\/grupotiempodigital.com.ar\/index.php?rest_route=\/wp\/v2\/types\/post"}],"author":[{"embeddable":true,"href":"https:\/\/grupotiempodigital.com.ar\/index.php?rest_route=\/wp\/v2\/users\/3"}],"replies":[{"embeddable":true,"href":"https:\/\/grupotiempodigital.com.ar\/index.php?rest_route=%2Fwp%2Fv2%2Fcomments&post=36074"}],"version-history":[{"count":3,"href":"https:\/\/grupotiempodigital.com.ar\/index.php?rest_route=\/wp\/v2\/posts\/36074\/revisions"}],"predecessor-version":[{"id":36082,"href":"https:\/\/grupotiempodigital.com.ar\/index.php?rest_route=\/wp\/v2\/posts\/36074\/revisions\/36082"}],"wp:featuredmedia":[{"embeddable":true,"href":"https:\/\/grupotiempodigital.com.ar\/index.php?rest_route=\/wp\/v2\/media\/24126"}],"wp:attachment":[{"href":"https:\/\/grupotiempodigital.com.ar\/index.php?rest_route=%2Fwp%2Fv2%2Fmedia&parent=36074"}],"wp:term":[{"taxonomy":"category","embeddable":true,"href":"https:\/\/grupotiempodigital.com.ar\/index.php?rest_route=%2Fwp%2Fv2%2Fcategories&post=36074"},{"taxonomy":"post_tag","embeddable":true,"href":"https:\/\/grupotiempodigital.com.ar\/index.php?rest_route=%2Fwp%2Fv2%2Ftags&post=36074"}],"curies":[{"name":"wp","href":"https:\/\/api.w.org\/{rel}","templated":true}]}}