{"id":36068,"date":"2021-12-16T11:09:52","date_gmt":"2021-12-16T14:09:52","guid":{"rendered":"https:\/\/grupotiempodigital.com.ar\/?p=36068"},"modified":"2021-12-16T11:09:52","modified_gmt":"2021-12-16T14:09:52","slug":"representantes-del-distrito-presentes-en-el-encuentro-federal-por-el-programa-1000-dias","status":"publish","type":"post","link":"https:\/\/grupotiempodigital.com.ar\/?p=36068","title":{"rendered":"REPRESENTANTES DEL DISTRITO PRESENTES EN EL ENCUENTRO FEDERAL POR EL PROGRAMA 1000 D\u00cdAS"},"content":{"rendered":"<p>El pasado martes, la Directora de Ni\u00f1ez y Adolescencia, Roc\u00edo Tejo, Mariana Labarere, en representaci\u00f3n de la Casa del Ni\u00f1o \u201cVirgencita del Pilar\u201d y Silvana Molteni, del Hospital Campomar, participaron en Tecn\u00f3polis del Primer Encuentro Federal del \u201cPlan de los 1000 d\u00edas\u201d, en una medida que busca acompa\u00f1ar, proteger y cuidar de manera integral la salud de las personas gestantes, ni\u00f1os y ni\u00f1as en los primeros tres a\u00f1os de vida.<\/p>\n<p>El evento fue encabezado por el Presidente de la Naci\u00f3n, Alberto Fern\u00e1ndez, a quien acompa\u00f1aron las ministras de Salud, Carla Vizzotti y de Mujeres, G\u00e9neros y Diversidad, Elizabeth G\u00f3mez Alcorta, la titular de ANSES, Fernanda Raverta y la Secretaria de Legal y T\u00e9cnica, Vilma Ibarra.<\/p>\n<p><a href=\"https:\/\/grupotiempodigital.com.ar\/wp-content\/uploads\/2021\/12\/WhatsApp-Image-2021-12-16-at-11.07.25.jpeg\"><img loading=\"lazy\" decoding=\"async\" class=\"aligncenter size-full wp-image-36070\" src=\"https:\/\/grupotiempodigital.com.ar\/wp-content\/uploads\/2021\/12\/WhatsApp-Image-2021-12-16-at-11.07.25.jpeg\" alt=\"\" width=\"1035\" height=\"575\" srcset=\"https:\/\/grupotiempodigital.com.ar\/wp-content\/uploads\/2021\/12\/WhatsApp-Image-2021-12-16-at-11.07.25.jpeg 1035w, https:\/\/grupotiempodigital.com.ar\/wp-content\/uploads\/2021\/12\/WhatsApp-Image-2021-12-16-at-11.07.25-300x167.jpeg 300w, https:\/\/grupotiempodigital.com.ar\/wp-content\/uploads\/2021\/12\/WhatsApp-Image-2021-12-16-at-11.07.25-1024x569.jpeg 1024w, https:\/\/grupotiempodigital.com.ar\/wp-content\/uploads\/2021\/12\/WhatsApp-Image-2021-12-16-at-11.07.25-768x427.jpeg 768w\" sizes=\"auto, (max-width: 1035px) 100vw, 1035px\" \/><\/a> <a href=\"https:\/\/grupotiempodigital.com.ar\/wp-content\/uploads\/2021\/12\/WhatsApp-Image-2021-12-16-at-11.07.24.jpeg\"><img loading=\"lazy\" decoding=\"async\" class=\"aligncenter size-full wp-image-36071\" src=\"https:\/\/grupotiempodigital.com.ar\/wp-content\/uploads\/2021\/12\/WhatsApp-Image-2021-12-16-at-11.07.24.jpeg\" alt=\"\" width=\"1600\" height=\"757\" srcset=\"https:\/\/grupotiempodigital.com.ar\/wp-content\/uploads\/2021\/12\/WhatsApp-Image-2021-12-16-at-11.07.24.jpeg 1600w, https:\/\/grupotiempodigital.com.ar\/wp-content\/uploads\/2021\/12\/WhatsApp-Image-2021-12-16-at-11.07.24-300x142.jpeg 300w, https:\/\/grupotiempodigital.com.ar\/wp-content\/uploads\/2021\/12\/WhatsApp-Image-2021-12-16-at-11.07.24-1024x484.jpeg 1024w, https:\/\/grupotiempodigital.com.ar\/wp-content\/uploads\/2021\/12\/WhatsApp-Image-2021-12-16-at-11.07.24-768x363.jpeg 768w, https:\/\/grupotiempodigital.com.ar\/wp-content\/uploads\/2021\/12\/WhatsApp-Image-2021-12-16-at-11.07.24-1536x727.jpeg 1536w\" sizes=\"auto, (max-width: 1600px) 100vw, 1600px\" \/><\/a> <a href=\"https:\/\/grupotiempodigital.com.ar\/wp-content\/uploads\/2021\/12\/WhatsApp-Image-2021-12-16-at-11.07.23.jpeg\"><img loading=\"lazy\" decoding=\"async\" class=\"aligncenter size-full wp-image-36072\" src=\"https:\/\/grupotiempodigital.com.ar\/wp-content\/uploads\/2021\/12\/WhatsApp-Image-2021-12-16-at-11.07.23.jpeg\" alt=\"\" width=\"1600\" height=\"1200\" srcset=\"https:\/\/grupotiempodigital.com.ar\/wp-content\/uploads\/2021\/12\/WhatsApp-Image-2021-12-16-at-11.07.23.jpeg 1600w, https:\/\/grupotiempodigital.com.ar\/wp-content\/uploads\/2021\/12\/WhatsApp-Image-2021-12-16-at-11.07.23-300x225.jpeg 300w, https:\/\/grupotiempodigital.com.ar\/wp-content\/uploads\/2021\/12\/WhatsApp-Image-2021-12-16-at-11.07.23-1024x768.jpeg 1024w, https:\/\/grupotiempodigital.com.ar\/wp-content\/uploads\/2021\/12\/WhatsApp-Image-2021-12-16-at-11.07.23-768x576.jpeg 768w, https:\/\/grupotiempodigital.com.ar\/wp-content\/uploads\/2021\/12\/WhatsApp-Image-2021-12-16-at-11.07.23-1536x1152.jpeg 1536w, https:\/\/grupotiempodigital.com.ar\/wp-content\/uploads\/2021\/12\/WhatsApp-Image-2021-12-16-at-11.07.23-160x120.jpeg 160w\" sizes=\"auto, (max-width: 1600px) 100vw, 1600px\" \/><\/a><\/p>\n<p><strong>MUNICIPALIDAD DE GENERAL PAZ<\/strong><\/p>\n<p><strong>Estamos cambiando por vos<\/strong><\/p>\n","protected":false},"excerpt":{"rendered":"<p>El pasado martes, la Directora de Ni\u00f1ez y Adolescencia, Roc\u00edo Tejo, Mariana Labarere, en representaci\u00f3n de la Casa del Ni\u00f1o<\/p>\n","protected":false},"author":3,"featured_media":36071,"comment_status":"open","ping_status":"open","sticky":false,"template":"","format":"standard","meta":{"colormag_page_container_layout":"default_layout","colormag_page_sidebar_layout":"default_layout","footnotes":""},"categories":[1,38,44],"tags":[],"class_list":["post-36068","post","type-post","status-publish","format-standard","has-post-thumbnail","hentry","category-actualidad","category-destacadas","category-general-paz"],"_links":{"self":[{"href":"https:\/\/grupotiempodigital.com.ar\/index.php?rest_route=\/wp\/v2\/posts\/36068","targetHints":{"allow":["GET"]}}],"collection":[{"href":"https:\/\/grupotiempodigital.com.ar\/index.php?rest_route=\/wp\/v2\/posts"}],"about":[{"href":"https:\/\/grupotiempodigital.com.ar\/index.php?rest_route=\/wp\/v2\/types\/post"}],"author":[{"embeddable":true,"href":"https:\/\/grupotiempodigital.com.ar\/index.php?rest_route=\/wp\/v2\/users\/3"}],"replies":[{"embeddable":true,"href":"https:\/\/grupotiempodigital.com.ar\/index.php?rest_route=%2Fwp%2Fv2%2Fcomments&post=36068"}],"version-history":[{"count":2,"href":"https:\/\/grupotiempodigital.com.ar\/index.php?rest_route=\/wp\/v2\/posts\/36068\/revisions"}],"predecessor-version":[{"id":36073,"href":"https:\/\/grupotiempodigital.com.ar\/index.php?rest_route=\/wp\/v2\/posts\/36068\/revisions\/36073"}],"wp:featuredmedia":[{"embeddable":true,"href":"https:\/\/grupotiempodigital.com.ar\/index.php?rest_route=\/wp\/v2\/media\/36071"}],"wp:attachment":[{"href":"https:\/\/grupotiempodigital.com.ar\/index.php?rest_route=%2Fwp%2Fv2%2Fmedia&parent=36068"}],"wp:term":[{"taxonomy":"category","embeddable":true,"href":"https:\/\/grupotiempodigital.com.ar\/index.php?rest_route=%2Fwp%2Fv2%2Fcategories&post=36068"},{"taxonomy":"post_tag","embeddable":true,"href":"https:\/\/grupotiempodigital.com.ar\/index.php?rest_route=%2Fwp%2Fv2%2Ftags&post=36068"}],"curies":[{"name":"wp","href":"https:\/\/api.w.org\/{rel}","templated":true}]}}