{"id":36062,"date":"2021-12-16T10:13:22","date_gmt":"2021-12-16T13:13:22","guid":{"rendered":"https:\/\/grupotiempodigital.com.ar\/?p=36062"},"modified":"2021-12-16T10:13:22","modified_gmt":"2021-12-16T13:13:22","slug":"chascomus-se-inaugura-la-sala-expo-jose-otondo-con-parte-del-legado-de-pepe-cronicas-visuales-de-sus-viajes-simbolos-de-su-amor-por-la-arquitectura-y-por-el-arte","status":"publish","type":"post","link":"https:\/\/grupotiempodigital.com.ar\/?p=36062","title":{"rendered":"Chascom\u00fas: Se inaugura la Sala-Expo \u201cJos\u00e9 Otondo\u201d con parte del legado de Pepe: cr\u00f3nicas visuales de sus viajes, s\u00edmbolos de su amor por la arquitectura y por el arte"},"content":{"rendered":"<div><strong>EN EL COLEGIO DE ARQUITECTOS DE CHASCOM\u00daS<\/strong><\/div>\n<div>Se inaugura la Sala-Expo \u201cJos\u00e9 Otondo\u201d con parte del legado de Pepe: cr\u00f3nicas visuales de sus viajes, s\u00edmbolos de su amor por la arquitectura y por el arte<\/div>\n<div>Se viene un domingo especial para los Arquitectos de la Delegaci\u00f3n Chascom\u00fas. Desde las 18.30, en paralelo con el Brindis de Fin de A\u00f1o, quedar\u00e1 inaugurada la Sala-Expo \u201cJos\u00e9 Pepe Otondo\u201d.<\/div>\n<div>De esta manera, el primer delegado del Colegio de Arquitectos, funci\u00f3n que cumpli\u00f3 durante 12 a\u00f1os, tendr\u00e1 su lugar en la sede de Mitre 59, con sala de exposiciones que llevar\u00e1 su nombre y albergar\u00e1 en principio parte de su arte.<\/div>\n<div>\u201cLa exposici\u00f3n estar\u00e1 compuesta por cr\u00f3nicas visuales de viajes que hac\u00eda Pepe en el momento, in situ, a mano alzada, que simbolizan su amor por la arquitectura y por el arte. Yo sacaba fotos de los lugares y \u00e9l, dibujaba\u201d, coment\u00f3 Poli Wulff.<\/div>\n<div>\u201cDibujar la arquitectura y las obras de arte le entraba m\u00e1s por los poros. Son registros de varios viajes por Europa; la arquitectura europea era su debilidad. Luego continuaba su viaje digitalizando lo dibujado\u201d, sum\u00f3 la compa\u00f1era del arquitecto recibido en 1974 en La Plata.<\/div>\n<div>\u201cPepe hac\u00eda mucha refacci\u00f3n de casa veja y estaba muy comprometido con los concursos p\u00fablicos de arquitectos\u201d, enfatiz\u00f3 Poli sobre el arqui\/artista, que en Chascom\u00fas tiene 570 obras registradas, entre ellas el Hogar de Ancianos, la hoy secundaria del ICM y el pabell\u00f3n amarillo de la Rural.<\/div>\n<div>A nivel art\u00edstico, en principio, Otondo fue parte del\u00a0 Grupo Etapas con otros cuatro pintores y dibujantes: Miguel Napoli, Rub\u00e9n Perotta, Aldo Killiam y el Vasco Iriarte.<\/div>\n<div>\u201cPosteriormente, buscando incluir otras expresiones art\u00edsticas, m\u00e1s populares y quiz\u00e1s no tan elitistas, pero no por ello menos maravillosas, se gener\u00f3 el Movimiento de Artistas y Artesanos (MAYA), que continu\u00f3 durante 13\/14 a\u00f1os\u201d, termin\u00f3 Poli, sintetizando, de ser posible, el andar de Pepe tanto en el arquitectura y en el arte, pasiones que convivir\u00e1n en la Sala-Expo que llevar\u00e1 su nombre en la Delegaci\u00f3n Chascom\u00fas del CAPBAUNO.<\/div>\n","protected":false},"excerpt":{"rendered":"<p>EN EL COLEGIO DE ARQUITECTOS DE CHASCOM\u00daS Se inaugura la Sala-Expo \u201cJos\u00e9 Otondo\u201d con parte del legado de Pepe: cr\u00f3nicas<\/p>\n","protected":false},"author":3,"featured_media":36064,"comment_status":"open","ping_status":"open","sticky":false,"template":"","format":"standard","meta":{"colormag_page_container_layout":"default_layout","colormag_page_sidebar_layout":"default_layout","footnotes":""},"categories":[1],"tags":[],"class_list":["post-36062","post","type-post","status-publish","format-standard","has-post-thumbnail","hentry","category-actualidad"],"_links":{"self":[{"href":"https:\/\/grupotiempodigital.com.ar\/index.php?rest_route=\/wp\/v2\/posts\/36062","targetHints":{"allow":["GET"]}}],"collection":[{"href":"https:\/\/grupotiempodigital.com.ar\/index.php?rest_route=\/wp\/v2\/posts"}],"about":[{"href":"https:\/\/grupotiempodigital.com.ar\/index.php?rest_route=\/wp\/v2\/types\/post"}],"author":[{"embeddable":true,"href":"https:\/\/grupotiempodigital.com.ar\/index.php?rest_route=\/wp\/v2\/users\/3"}],"replies":[{"embeddable":true,"href":"https:\/\/grupotiempodigital.com.ar\/index.php?rest_route=%2Fwp%2Fv2%2Fcomments&post=36062"}],"version-history":[{"count":2,"href":"https:\/\/grupotiempodigital.com.ar\/index.php?rest_route=\/wp\/v2\/posts\/36062\/revisions"}],"predecessor-version":[{"id":36065,"href":"https:\/\/grupotiempodigital.com.ar\/index.php?rest_route=\/wp\/v2\/posts\/36062\/revisions\/36065"}],"wp:featuredmedia":[{"embeddable":true,"href":"https:\/\/grupotiempodigital.com.ar\/index.php?rest_route=\/wp\/v2\/media\/36064"}],"wp:attachment":[{"href":"https:\/\/grupotiempodigital.com.ar\/index.php?rest_route=%2Fwp%2Fv2%2Fmedia&parent=36062"}],"wp:term":[{"taxonomy":"category","embeddable":true,"href":"https:\/\/grupotiempodigital.com.ar\/index.php?rest_route=%2Fwp%2Fv2%2Fcategories&post=36062"},{"taxonomy":"post_tag","embeddable":true,"href":"https:\/\/grupotiempodigital.com.ar\/index.php?rest_route=%2Fwp%2Fv2%2Ftags&post=36062"}],"curies":[{"name":"wp","href":"https:\/\/api.w.org\/{rel}","templated":true}]}}