{"id":36056,"date":"2021-12-16T08:14:48","date_gmt":"2021-12-16T11:14:48","guid":{"rendered":"https:\/\/grupotiempodigital.com.ar\/?p=36056"},"modified":"2021-12-16T08:14:48","modified_gmt":"2021-12-16T11:14:48","slug":"rally-mar-y-sierras-nunzio-y-francisco-vernaci-alan-porcel-y-braian-ferreyra-estaran-en-ayacucho","status":"publish","type":"post","link":"https:\/\/grupotiempodigital.com.ar\/?p=36056","title":{"rendered":"Rally Mar y Sierras: Nunzio y Francisco Vernaci, Alan Porcel y Braian Ferreyra estar\u00e1n en Ayacucho."},"content":{"rendered":"<p>Este fin de semana el rally Mar y Sierras tiene su Gran Premio Coronaci\u00f3n en la Ciudad de Ayacucho y ser\u00e1n 4 los representantes rancheros que estar\u00e1n presentes en la \u00faltima del a\u00f1o. Nunzio y Francisco Vernaci buscar\u00e1n ganar la carrera que les de la posibilidad de coronarse campeones en la clase A. No la tendr\u00e1n f\u00e1cil ya que se encuentran en la tercera posici\u00f3n detr\u00e1s de Juan Bernasconi y Juan Soria, estos \u00faltimos separados por nada m\u00e1s que 4 puntos y en esa lucha aparece otro de \u00bb los nuestros\u00bb , ya que Alan Porcel es el navegante del escolta (Soria) del l\u00edder (Bernasconi). Muchas alternativas pueden suceder en una carrera que pone m\u00e1s de 60 puntos en juego y en el automovilismo hasta el final todo puede suceder. En la clase N1 el que volver\u00e1 a tener participaci\u00f3n en la butaca derecha es Braian Ferreyra compartiendo binomio con Federico Vizcay a bordo del Ford Ka. Ambos esperan redondear un buen fin de semana en la clase m\u00e1s nutrida de la categor\u00eda.<br \/>\n<strong>El LTC con dos autos.<\/strong><br \/>\nEl equipo de Jos\u00e9 C. Lamarque con estructura en Ranchos, estar\u00e1 asistiendo a los autos de Vernaci y Jos\u00e9 Lacopolla dentro de la clase A y N 7 respectivamente. Ser\u00e1 un gran broche de oro para el Mar y Sierras que define en esta carrera, 9 campeonatos de pilotos y 8 de navegantes.<\/p>\n<p style=\"text-align: center;\"><a href=\"https:\/\/grupotiempodigital.com.ar\/wp-content\/uploads\/2021\/12\/2-3.jpg\"><img loading=\"lazy\" decoding=\"async\" class=\"aligncenter size-full wp-image-36059\" src=\"https:\/\/grupotiempodigital.com.ar\/wp-content\/uploads\/2021\/12\/2-3.jpg\" alt=\"\" width=\"800\" height=\"450\" srcset=\"https:\/\/grupotiempodigital.com.ar\/wp-content\/uploads\/2021\/12\/2-3.jpg 800w, https:\/\/grupotiempodigital.com.ar\/wp-content\/uploads\/2021\/12\/2-3-300x169.jpg 300w, https:\/\/grupotiempodigital.com.ar\/wp-content\/uploads\/2021\/12\/2-3-768x432.jpg 768w, https:\/\/grupotiempodigital.com.ar\/wp-content\/uploads\/2021\/12\/2-3-720x405.jpg 720w\" sizes=\"auto, (max-width: 800px) 100vw, 800px\" \/><\/a><strong>Informe de Marcelo Robertson auspiciado por CEFA SRL.<\/strong><\/p>\n","protected":false},"excerpt":{"rendered":"<p>Este fin de semana el rally Mar y Sierras tiene su Gran Premio Coronaci\u00f3n en la Ciudad de Ayacucho y<\/p>\n","protected":false},"author":3,"featured_media":36060,"comment_status":"open","ping_status":"open","sticky":false,"template":"","format":"standard","meta":{"colormag_page_container_layout":"default_layout","colormag_page_sidebar_layout":"default_layout","footnotes":""},"categories":[1],"tags":[],"class_list":["post-36056","post","type-post","status-publish","format-standard","has-post-thumbnail","hentry","category-actualidad"],"_links":{"self":[{"href":"https:\/\/grupotiempodigital.com.ar\/index.php?rest_route=\/wp\/v2\/posts\/36056","targetHints":{"allow":["GET"]}}],"collection":[{"href":"https:\/\/grupotiempodigital.com.ar\/index.php?rest_route=\/wp\/v2\/posts"}],"about":[{"href":"https:\/\/grupotiempodigital.com.ar\/index.php?rest_route=\/wp\/v2\/types\/post"}],"author":[{"embeddable":true,"href":"https:\/\/grupotiempodigital.com.ar\/index.php?rest_route=\/wp\/v2\/users\/3"}],"replies":[{"embeddable":true,"href":"https:\/\/grupotiempodigital.com.ar\/index.php?rest_route=%2Fwp%2Fv2%2Fcomments&post=36056"}],"version-history":[{"count":3,"href":"https:\/\/grupotiempodigital.com.ar\/index.php?rest_route=\/wp\/v2\/posts\/36056\/revisions"}],"predecessor-version":[{"id":36061,"href":"https:\/\/grupotiempodigital.com.ar\/index.php?rest_route=\/wp\/v2\/posts\/36056\/revisions\/36061"}],"wp:featuredmedia":[{"embeddable":true,"href":"https:\/\/grupotiempodigital.com.ar\/index.php?rest_route=\/wp\/v2\/media\/36060"}],"wp:attachment":[{"href":"https:\/\/grupotiempodigital.com.ar\/index.php?rest_route=%2Fwp%2Fv2%2Fmedia&parent=36056"}],"wp:term":[{"taxonomy":"category","embeddable":true,"href":"https:\/\/grupotiempodigital.com.ar\/index.php?rest_route=%2Fwp%2Fv2%2Fcategories&post=36056"},{"taxonomy":"post_tag","embeddable":true,"href":"https:\/\/grupotiempodigital.com.ar\/index.php?rest_route=%2Fwp%2Fv2%2Ftags&post=36056"}],"curies":[{"name":"wp","href":"https:\/\/api.w.org\/{rel}","templated":true}]}}