{"id":36043,"date":"2021-12-15T17:00:13","date_gmt":"2021-12-15T20:00:13","guid":{"rendered":"https:\/\/grupotiempodigital.com.ar\/?p=36043"},"modified":"2021-12-15T17:00:13","modified_gmt":"2021-12-15T20:00:13","slug":"cierre-de-temporada-en-la-escuela-municipal-de-futbol-infantil","status":"publish","type":"post","link":"https:\/\/grupotiempodigital.com.ar\/?p=36043","title":{"rendered":"CIERRE DE TEMPORADA EN LA ESCUELA MUNICIPAL DE F\u00daTBOL INFANTIL"},"content":{"rendered":"<p>En la noche de ayer, se llev\u00f3 a cabo la ceremonia de premiaci\u00f3n para todos los ni\u00f1os y ni\u00f1as que componen los planteles de la Escuela Municipal de F\u00fatbol Infantil de Ranchos.<\/p>\n<p>Una a una, acompa\u00f1adas por sus responsables t\u00e9cnicos, ingresaron las delegaciones que participaron de la temporada 2021, cerrando la extensa fila de jugadores\/as las categor\u00edas 2008, quienes egresaron y fueron los grandes agasajados de la jornada, junto a la 2015\/2016, los nuevos valores que ingresaron a la actividad. Tambi\u00e9n se hizo menci\u00f3n a la categor\u00eda 2007 que, por las restricciones de la pandemia, egres\u00f3 de la EMFI sin poder tener su noche de despedida al inicio del presente a\u00f1o.<\/p>\n<p>El acto cont\u00f3 con la presencia del Intendente Municipal Juan Manuel Alvarez, el Director Deportivo de la EMFI, Carlos Lamarque, el Sub Secretario de Deportes, Alberto Correa, la Concejal Ana Clara Alvarez, entre otras autoridades municipales.<\/p>\n<p>En su totalidad, los ni\u00f1os y ni\u00f1as recibieron su correspondiente trofeo de manos de sus entrenadores, reconocimiento que a\u00f1o a a\u00f1o se ofrece por la participaci\u00f3n en la temporada. Durante la ceremonia hubo palabras de reconocimiento para la categor\u00eda 2010, que se consagrara campeona del Torneo Provincial 2021 con una notable campa\u00f1a.<\/p>\n<p>Entre una lluvia de papeles plateados lleg\u00f3 el cierre de la celebraci\u00f3n con todos los equipos dentro del campo de juego, saludando a sus familiares que acompa\u00f1aron en muy buen n\u00famero esta ceremonia inolvidable que pone cierre a un ciclo muy importante para los peque\u00f1os futbolistas.<\/p>\n<div id='gallery-1' class='gallery galleryid-36043 gallery-columns-3 gallery-size-full'><figure class='gallery-item'>\n\t\t\t<div class='gallery-icon landscape'>\n\t\t\t\t<a href='https:\/\/grupotiempodigital.com.ar\/?attachment_id=36045'><img loading=\"lazy\" decoding=\"async\" width=\"1280\" height=\"851\" src=\"https:\/\/grupotiempodigital.com.ar\/wp-content\/uploads\/2021\/12\/EMFI-1.jpeg\" class=\"attachment-full size-full\" alt=\"\" srcset=\"https:\/\/grupotiempodigital.com.ar\/wp-content\/uploads\/2021\/12\/EMFI-1.jpeg 1280w, https:\/\/grupotiempodigital.com.ar\/wp-content\/uploads\/2021\/12\/EMFI-1-300x199.jpeg 300w, https:\/\/grupotiempodigital.com.ar\/wp-content\/uploads\/2021\/12\/EMFI-1-1024x681.jpeg 1024w, https:\/\/grupotiempodigital.com.ar\/wp-content\/uploads\/2021\/12\/EMFI-1-768x511.jpeg 768w\" sizes=\"auto, (max-width: 1280px) 100vw, 1280px\" \/><\/a>\n\t\t\t<\/div><\/figure><figure class='gallery-item'>\n\t\t\t<div class='gallery-icon landscape'>\n\t\t\t\t<a href='https:\/\/grupotiempodigital.com.ar\/?attachment_id=36046'><img loading=\"lazy\" decoding=\"async\" width=\"1280\" height=\"851\" src=\"https:\/\/grupotiempodigital.com.ar\/wp-content\/uploads\/2021\/12\/EMFI-2.jpeg\" class=\"attachment-full size-full\" alt=\"\" srcset=\"https:\/\/grupotiempodigital.com.ar\/wp-content\/uploads\/2021\/12\/EMFI-2.jpeg 1280w, https:\/\/grupotiempodigital.com.ar\/wp-content\/uploads\/2021\/12\/EMFI-2-300x199.jpeg 300w, https:\/\/grupotiempodigital.com.ar\/wp-content\/uploads\/2021\/12\/EMFI-2-1024x681.jpeg 1024w, https:\/\/grupotiempodigital.com.ar\/wp-content\/uploads\/2021\/12\/EMFI-2-768x511.jpeg 768w\" sizes=\"auto, (max-width: 1280px) 100vw, 1280px\" \/><\/a>\n\t\t\t<\/div><\/figure><figure class='gallery-item'>\n\t\t\t<div class='gallery-icon landscape'>\n\t\t\t\t<a href='https:\/\/grupotiempodigital.com.ar\/?attachment_id=36047'><img loading=\"lazy\" decoding=\"async\" width=\"1280\" height=\"851\" src=\"https:\/\/grupotiempodigital.com.ar\/wp-content\/uploads\/2021\/12\/EMFI-3.jpeg\" class=\"attachment-full size-full\" alt=\"\" srcset=\"https:\/\/grupotiempodigital.com.ar\/wp-content\/uploads\/2021\/12\/EMFI-3.jpeg 1280w, https:\/\/grupotiempodigital.com.ar\/wp-content\/uploads\/2021\/12\/EMFI-3-300x199.jpeg 300w, https:\/\/grupotiempodigital.com.ar\/wp-content\/uploads\/2021\/12\/EMFI-3-1024x681.jpeg 1024w, https:\/\/grupotiempodigital.com.ar\/wp-content\/uploads\/2021\/12\/EMFI-3-768x511.jpeg 768w\" sizes=\"auto, (max-width: 1280px) 100vw, 1280px\" \/><\/a>\n\t\t\t<\/div><\/figure>\n\t\t<\/div>\n\n<p><strong>MUNICIPALIDAD DE GENERAL PAZ<\/strong><\/p>\n<p><strong>Estamos cambiando por vos<\/strong><\/p>\n","protected":false},"excerpt":{"rendered":"<p>En la noche de ayer, se llev\u00f3 a cabo la ceremonia de premiaci\u00f3n para todos los ni\u00f1os y ni\u00f1as que<\/p>\n","protected":false},"author":3,"featured_media":36046,"comment_status":"open","ping_status":"open","sticky":false,"template":"","format":"standard","meta":{"colormag_page_container_layout":"default_layout","colormag_page_sidebar_layout":"default_layout","footnotes":""},"categories":[1,38,44],"tags":[],"class_list":["post-36043","post","type-post","status-publish","format-standard","has-post-thumbnail","hentry","category-actualidad","category-destacadas","category-general-paz"],"_links":{"self":[{"href":"https:\/\/grupotiempodigital.com.ar\/index.php?rest_route=\/wp\/v2\/posts\/36043","targetHints":{"allow":["GET"]}}],"collection":[{"href":"https:\/\/grupotiempodigital.com.ar\/index.php?rest_route=\/wp\/v2\/posts"}],"about":[{"href":"https:\/\/grupotiempodigital.com.ar\/index.php?rest_route=\/wp\/v2\/types\/post"}],"author":[{"embeddable":true,"href":"https:\/\/grupotiempodigital.com.ar\/index.php?rest_route=\/wp\/v2\/users\/3"}],"replies":[{"embeddable":true,"href":"https:\/\/grupotiempodigital.com.ar\/index.php?rest_route=%2Fwp%2Fv2%2Fcomments&post=36043"}],"version-history":[{"count":2,"href":"https:\/\/grupotiempodigital.com.ar\/index.php?rest_route=\/wp\/v2\/posts\/36043\/revisions"}],"predecessor-version":[{"id":36048,"href":"https:\/\/grupotiempodigital.com.ar\/index.php?rest_route=\/wp\/v2\/posts\/36043\/revisions\/36048"}],"wp:featuredmedia":[{"embeddable":true,"href":"https:\/\/grupotiempodigital.com.ar\/index.php?rest_route=\/wp\/v2\/media\/36046"}],"wp:attachment":[{"href":"https:\/\/grupotiempodigital.com.ar\/index.php?rest_route=%2Fwp%2Fv2%2Fmedia&parent=36043"}],"wp:term":[{"taxonomy":"category","embeddable":true,"href":"https:\/\/grupotiempodigital.com.ar\/index.php?rest_route=%2Fwp%2Fv2%2Fcategories&post=36043"},{"taxonomy":"post_tag","embeddable":true,"href":"https:\/\/grupotiempodigital.com.ar\/index.php?rest_route=%2Fwp%2Fv2%2Ftags&post=36043"}],"curies":[{"name":"wp","href":"https:\/\/api.w.org\/{rel}","templated":true}]}}