{"id":36034,"date":"2021-12-15T16:39:16","date_gmt":"2021-12-15T19:39:16","guid":{"rendered":"https:\/\/grupotiempodigital.com.ar\/?p=36034"},"modified":"2021-12-15T16:41:39","modified_gmt":"2021-12-15T19:41:39","slug":"edgardo-salerno-este-fin-de-semana-cumplimos-el-sueno-de-cantar-en-cosquin","status":"publish","type":"post","link":"https:\/\/grupotiempodigital.com.ar\/?p=36034","title":{"rendered":"Edgardo Salerno: \u00bb Este fin de semana cumplimos el sue\u00f1o de cantar en Cosqu\u00edn\u00bb"},"content":{"rendered":"<p>En la ma\u00f1ana de este mi\u00e9rcoles en las radios de TIEMPO (Libres del Sur FM 90.1 Mhz de Chascom\u00fas en Ranchos La Palabra FM 90.7 Mhz y LV FM 90.1 Mhz de Loma Verde) dialogamos con Edgardo Salerno sobre la presentaci\u00f3n junto a su hermana Mariela en la pr\u00f3xima edici\u00f3n del selectivo Pre Cosquin 2022.<\/p>\n<p>\u00abEste fin de semana estamos yendo para C\u00f3rdoba el viernes a la madrugada y estaremos compitiendo el S\u00e1bado y Domingo. Para nosotros vivir la experiencia de estar ah\u00ed es un sue\u00f1o cumplido. Cuando tuvimos la devoluci\u00f3n de los jurados nos dijeron que \u00e9ramos buenos cantores y afinados pero nos dijeron que ten\u00edamos que hacer mas juegos de voces. Algo as\u00ed como el Duo Salte\u00f1o. Pero yo voy a morir con las botas puestas cantando lo que me gusta&#8230;\u00bb expreso Salerno<\/p>\n<p>Sobre cuando se presentan en el certamen contest\u00f3 \u00abEl viernes estaremos compitiendo y le agradecemos a los intendentes de Brandsen y General Paz que se preocuparon y nos brindaron su ayuda. Tambi\u00e9n agradecerte a vos ,( al director de Tiempo) por estar pendiente de los grupos chicos. Iremos a ver que nos espera pero ya estamos con el sue\u00f1o cumplido de representar a los 2 pueblos. Vamos a cantar el Vals OH Mi Dulce Bien, una zamba llamada La Tucumanita y la zamba M\u00edrame&#8230;\u00bb<br \/>\nLos Hermanos,Salerno clasificaron para esta instancia en la subsede Brandsen de Cosquin.<\/p>\n<p style=\"text-align: center;\"><strong>ESCUCHAR ENTREVISTA COMPLETA<\/strong><\/p>\n<p><iframe loading=\"lazy\" src=\"https:\/\/drive.google.com\/file\/d\/1nIh8ZXqqph4W4KmpJQNxbvMCkmIGMkib\/preview\" width=\"320\" height=\"80\"><\/iframe><\/p>\n","protected":false},"excerpt":{"rendered":"<p>En la ma\u00f1ana de este mi\u00e9rcoles en las radios de TIEMPO (Libres del Sur FM 90.1 Mhz de Chascom\u00fas en<\/p>\n","protected":false},"author":3,"featured_media":14837,"comment_status":"open","ping_status":"open","sticky":false,"template":"","format":"standard","meta":{"colormag_page_container_layout":"default_layout","colormag_page_sidebar_layout":"default_layout","footnotes":""},"categories":[1,38,44,43],"tags":[],"class_list":["post-36034","post","type-post","status-publish","format-standard","has-post-thumbnail","hentry","category-actualidad","category-destacadas","category-general-paz","category-notas-con-audio"],"_links":{"self":[{"href":"https:\/\/grupotiempodigital.com.ar\/index.php?rest_route=\/wp\/v2\/posts\/36034","targetHints":{"allow":["GET"]}}],"collection":[{"href":"https:\/\/grupotiempodigital.com.ar\/index.php?rest_route=\/wp\/v2\/posts"}],"about":[{"href":"https:\/\/grupotiempodigital.com.ar\/index.php?rest_route=\/wp\/v2\/types\/post"}],"author":[{"embeddable":true,"href":"https:\/\/grupotiempodigital.com.ar\/index.php?rest_route=\/wp\/v2\/users\/3"}],"replies":[{"embeddable":true,"href":"https:\/\/grupotiempodigital.com.ar\/index.php?rest_route=%2Fwp%2Fv2%2Fcomments&post=36034"}],"version-history":[{"count":3,"href":"https:\/\/grupotiempodigital.com.ar\/index.php?rest_route=\/wp\/v2\/posts\/36034\/revisions"}],"predecessor-version":[{"id":36041,"href":"https:\/\/grupotiempodigital.com.ar\/index.php?rest_route=\/wp\/v2\/posts\/36034\/revisions\/36041"}],"wp:featuredmedia":[{"embeddable":true,"href":"https:\/\/grupotiempodigital.com.ar\/index.php?rest_route=\/wp\/v2\/media\/14837"}],"wp:attachment":[{"href":"https:\/\/grupotiempodigital.com.ar\/index.php?rest_route=%2Fwp%2Fv2%2Fmedia&parent=36034"}],"wp:term":[{"taxonomy":"category","embeddable":true,"href":"https:\/\/grupotiempodigital.com.ar\/index.php?rest_route=%2Fwp%2Fv2%2Fcategories&post=36034"},{"taxonomy":"post_tag","embeddable":true,"href":"https:\/\/grupotiempodigital.com.ar\/index.php?rest_route=%2Fwp%2Fv2%2Ftags&post=36034"}],"curies":[{"name":"wp","href":"https:\/\/api.w.org\/{rel}","templated":true}]}}