{"id":36033,"date":"2021-12-15T16:38:52","date_gmt":"2021-12-15T19:38:52","guid":{"rendered":"https:\/\/grupotiempodigital.com.ar\/?p=36033"},"modified":"2021-12-15T16:41:51","modified_gmt":"2021-12-15T19:41:51","slug":"pedro-gerbelli-queremos-saber-del-propio-intendente-que-pasa-con-varias-cosas-demoradas","status":"publish","type":"post","link":"https:\/\/grupotiempodigital.com.ar\/?p=36033","title":{"rendered":"Pedro Gerbelli: \u00bb Queremos saber del propio intendente que pasa con varias cosas demoradas\u00bb"},"content":{"rendered":"<p>Pedro Gerbelli concejal de Juntos de General Paz fue entrevistado en las radios de TIEMPO (Libres del Sur FM 90.1 Mhz de Chascom\u00fas en Ranchos La Palabra FM 90.7 Mhz y LV FM 90.1 Mhz de Loma Verde)<\/p>\n<p>\u00abEmpezamos con el tratamiento del presupuesto, en la semana hab\u00edamos sido invitados por el presidente de la comisi\u00f3n Cdor Arambur\u00fa para ir entrando en tema&#8230;\u00bb expreso el concejal sobre sus primeras horas en el cargo<\/p>\n<p>En el d\u00eda de ayer se realiz\u00f3 la reuni\u00f3n de comisi\u00f3n de Presupuesto. Sobre esto dijo \u00abEstamos trabajando en eso, porque aparecieron cosas que nosotros marcamos que hacen a la normativa, por ejemplo la tasa vial rural que la vamos a pasar al kilo de novillo, pedimos que se pase al \u00edndice de novillo. Tambi\u00e9n vimos algunas diferencias entre los n\u00fameros de recaudaci\u00f3n y la afectaci\u00f3n de esos dineros&#8230;\u00bb explic\u00f3 Gerbelli y agreg\u00f3:\u00bb el dialogo con Massaccesi est\u00e1 abierto, despu\u00e9s va en que las inquietudes vayan siendo esclarecidas&#8230;\u00bb<\/p>\n<p>Al preguntarsele sobre si entre los concejales se hablsron otros temas explico \u00abA mi me llama la atenci\u00f3n lo que pasa con el festival de Fortines. Hab\u00eda una comisi\u00f3n que se desarm\u00f3; tambi\u00e9n hay un proyecto del Ballet que fue desestimado por el intendente, pero estamos a un mes y tenemos mas dudas que certezas. Por eso con el resto de mis compa\u00f1eros queremos pedir una reuni\u00f3n con el Intendente para ponernos a disposici\u00f3n&#8230;\u00bb expres\u00f3 Gerbelli y paso a referirse a otros temas de la agenda legislativa \u00abLas actividades de verano, como la habilitaci\u00f3n de piletas y colonia de vacaciones, todav\u00eda no llego nada. Y queremos saber que va a pasar. Queremos ver si esto se retrasa por los cambios que dijo que iba a realizar en el gabinete o porque otra cosa se retrasan&#8230;\u00bb<\/p>\n<p>\u00abHace instantes estuve reunido con el sector de Obras Publicas para ver si hay un c\u00f3digo Urbano y un c\u00f3digo de planificaci\u00f3n y ver en donde estamos parados. Una de las cosas que estuvimos hablando es desarrollar un espacio de estacionamiento para motocicletas para alivianar un poco el tr\u00e1nsito&#8230;\u00bb cerr\u00f3 Gerbelli y sus primeros pasos en su segundo ciclo como concejal ranchero.<\/p>\n<p>&nbsp;<\/p>\n<p style=\"text-align: center;\"><strong>ESCUCHAR ENTREVISTA COMPLETA<\/strong><\/p>\n<p><iframe loading=\"lazy\" src=\"https:\/\/drive.google.com\/file\/d\/1EPaw1cDmL3lS9CDQg7udAgbRnsvTVizt\/preview\" width=\"320\" height=\"80\" allow=\"autoplay\"><\/iframe><\/p>\n","protected":false},"excerpt":{"rendered":"<p>Pedro Gerbelli concejal de Juntos de General Paz fue entrevistado en las radios de TIEMPO (Libres del Sur FM 90.1<\/p>\n","protected":false},"author":3,"featured_media":2794,"comment_status":"open","ping_status":"open","sticky":false,"template":"","format":"standard","meta":{"colormag_page_container_layout":"default_layout","colormag_page_sidebar_layout":"default_layout","footnotes":""},"categories":[1,38,44,43],"tags":[],"class_list":["post-36033","post","type-post","status-publish","format-standard","has-post-thumbnail","hentry","category-actualidad","category-destacadas","category-general-paz","category-notas-con-audio"],"_links":{"self":[{"href":"https:\/\/grupotiempodigital.com.ar\/index.php?rest_route=\/wp\/v2\/posts\/36033","targetHints":{"allow":["GET"]}}],"collection":[{"href":"https:\/\/grupotiempodigital.com.ar\/index.php?rest_route=\/wp\/v2\/posts"}],"about":[{"href":"https:\/\/grupotiempodigital.com.ar\/index.php?rest_route=\/wp\/v2\/types\/post"}],"author":[{"embeddable":true,"href":"https:\/\/grupotiempodigital.com.ar\/index.php?rest_route=\/wp\/v2\/users\/3"}],"replies":[{"embeddable":true,"href":"https:\/\/grupotiempodigital.com.ar\/index.php?rest_route=%2Fwp%2Fv2%2Fcomments&post=36033"}],"version-history":[{"count":5,"href":"https:\/\/grupotiempodigital.com.ar\/index.php?rest_route=\/wp\/v2\/posts\/36033\/revisions"}],"predecessor-version":[{"id":36042,"href":"https:\/\/grupotiempodigital.com.ar\/index.php?rest_route=\/wp\/v2\/posts\/36033\/revisions\/36042"}],"wp:featuredmedia":[{"embeddable":true,"href":"https:\/\/grupotiempodigital.com.ar\/index.php?rest_route=\/wp\/v2\/media\/2794"}],"wp:attachment":[{"href":"https:\/\/grupotiempodigital.com.ar\/index.php?rest_route=%2Fwp%2Fv2%2Fmedia&parent=36033"}],"wp:term":[{"taxonomy":"category","embeddable":true,"href":"https:\/\/grupotiempodigital.com.ar\/index.php?rest_route=%2Fwp%2Fv2%2Fcategories&post=36033"},{"taxonomy":"post_tag","embeddable":true,"href":"https:\/\/grupotiempodigital.com.ar\/index.php?rest_route=%2Fwp%2Fv2%2Ftags&post=36033"}],"curies":[{"name":"wp","href":"https:\/\/api.w.org\/{rel}","templated":true}]}}