{"id":36020,"date":"2021-12-15T11:49:23","date_gmt":"2021-12-15T14:49:23","guid":{"rendered":"https:\/\/grupotiempodigital.com.ar\/?p=36020"},"modified":"2021-12-15T11:50:05","modified_gmt":"2021-12-15T14:50:05","slug":"comenzaron-los-trabajos-para-la-pavimentacion-de-la-calle-yrigoyen","status":"publish","type":"post","link":"https:\/\/grupotiempodigital.com.ar\/?p=36020","title":{"rendered":"Ranchos: COMENZARON LOS TRABAJOS PARA LA PAVIMENTACI\u00d3N DE LA CALLE YRIGOYEN"},"content":{"rendered":"<p>La \u00faltima semana, se retomaron los trabajos de la empresa Construmex S.A. en Ranchos. Hace d\u00edas iniciaron las tareas de movimiento de suelo para la pavimentaci\u00f3n de la calle Hip\u00f3lito Yrigoyen, en el tramo comprendido desde la Calle 84 hasta el desv\u00edo del Transito Pesado, para dejar completamente pavimentado el acceso al nuevo Jard\u00edn de Infantes N\u00b0 905.<\/p>\n<p>En los pr\u00f3ximos d\u00edas, comenzar\u00e1n tambi\u00e9n a trabajar en la Calle Moreno, desde Espa\u00f1a hasta el Tr\u00e1nsito Pesado y posteriormente se reiniciar\u00e1 la pavimentaci\u00f3n de la calle Ram\u00f3n Seijas, el acceso principal al Barrio Ramallo, completando as\u00ed las cuadras contempladas en el acuerdo con la mencionada constructora por un total de m\u00e1s de 2000 metros de pavimento.<\/p>\n<div id='gallery-1' class='gallery galleryid-36020 gallery-columns-3 gallery-size-full'><figure class='gallery-item'>\n\t\t\t<div class='gallery-icon landscape'>\n\t\t\t\t<a href='https:\/\/grupotiempodigital.com.ar\/?attachment_id=36022'><img loading=\"lazy\" decoding=\"async\" width=\"937\" height=\"625\" src=\"https:\/\/grupotiempodigital.com.ar\/wp-content\/uploads\/2021\/12\/WhatsApp-Image-2021-12-15-at-11.39.20-1.jpeg\" class=\"attachment-full size-full\" alt=\"\" srcset=\"https:\/\/grupotiempodigital.com.ar\/wp-content\/uploads\/2021\/12\/WhatsApp-Image-2021-12-15-at-11.39.20-1.jpeg 937w, https:\/\/grupotiempodigital.com.ar\/wp-content\/uploads\/2021\/12\/WhatsApp-Image-2021-12-15-at-11.39.20-1-300x200.jpeg 300w, https:\/\/grupotiempodigital.com.ar\/wp-content\/uploads\/2021\/12\/WhatsApp-Image-2021-12-15-at-11.39.20-1-768x512.jpeg 768w\" sizes=\"auto, (max-width: 937px) 100vw, 937px\" \/><\/a>\n\t\t\t<\/div><\/figure><figure class='gallery-item'>\n\t\t\t<div class='gallery-icon landscape'>\n\t\t\t\t<a href='https:\/\/grupotiempodigital.com.ar\/?attachment_id=36023'><img loading=\"lazy\" decoding=\"async\" width=\"1280\" height=\"659\" src=\"https:\/\/grupotiempodigital.com.ar\/wp-content\/uploads\/2021\/12\/WhatsApp-Image-2021-12-15-at-11.39.20-2.jpeg\" class=\"attachment-full size-full\" alt=\"\" srcset=\"https:\/\/grupotiempodigital.com.ar\/wp-content\/uploads\/2021\/12\/WhatsApp-Image-2021-12-15-at-11.39.20-2.jpeg 1280w, https:\/\/grupotiempodigital.com.ar\/wp-content\/uploads\/2021\/12\/WhatsApp-Image-2021-12-15-at-11.39.20-2-300x154.jpeg 300w, https:\/\/grupotiempodigital.com.ar\/wp-content\/uploads\/2021\/12\/WhatsApp-Image-2021-12-15-at-11.39.20-2-1024x527.jpeg 1024w, https:\/\/grupotiempodigital.com.ar\/wp-content\/uploads\/2021\/12\/WhatsApp-Image-2021-12-15-at-11.39.20-2-768x395.jpeg 768w\" sizes=\"auto, (max-width: 1280px) 100vw, 1280px\" \/><\/a>\n\t\t\t<\/div><\/figure><figure class='gallery-item'>\n\t\t\t<div class='gallery-icon landscape'>\n\t\t\t\t<a href='https:\/\/grupotiempodigital.com.ar\/?attachment_id=36024'><img loading=\"lazy\" decoding=\"async\" width=\"1280\" height=\"654\" src=\"https:\/\/grupotiempodigital.com.ar\/wp-content\/uploads\/2021\/12\/WhatsApp-Image-2021-12-15-at-11.39.20.jpeg\" class=\"attachment-full size-full\" alt=\"\" srcset=\"https:\/\/grupotiempodigital.com.ar\/wp-content\/uploads\/2021\/12\/WhatsApp-Image-2021-12-15-at-11.39.20.jpeg 1280w, https:\/\/grupotiempodigital.com.ar\/wp-content\/uploads\/2021\/12\/WhatsApp-Image-2021-12-15-at-11.39.20-300x153.jpeg 300w, https:\/\/grupotiempodigital.com.ar\/wp-content\/uploads\/2021\/12\/WhatsApp-Image-2021-12-15-at-11.39.20-1024x523.jpeg 1024w, https:\/\/grupotiempodigital.com.ar\/wp-content\/uploads\/2021\/12\/WhatsApp-Image-2021-12-15-at-11.39.20-768x392.jpeg 768w\" sizes=\"auto, (max-width: 1280px) 100vw, 1280px\" \/><\/a>\n\t\t\t<\/div><\/figure><figure class='gallery-item'>\n\t\t\t<div class='gallery-icon landscape'>\n\t\t\t\t<a href='https:\/\/grupotiempodigital.com.ar\/?attachment_id=36025'><img loading=\"lazy\" decoding=\"async\" width=\"1280\" height=\"658\" src=\"https:\/\/grupotiempodigital.com.ar\/wp-content\/uploads\/2021\/12\/WhatsApp-Image-2021-12-15-at-11.39.21-1.jpeg\" class=\"attachment-full size-full\" alt=\"\" srcset=\"https:\/\/grupotiempodigital.com.ar\/wp-content\/uploads\/2021\/12\/WhatsApp-Image-2021-12-15-at-11.39.21-1.jpeg 1280w, https:\/\/grupotiempodigital.com.ar\/wp-content\/uploads\/2021\/12\/WhatsApp-Image-2021-12-15-at-11.39.21-1-300x154.jpeg 300w, https:\/\/grupotiempodigital.com.ar\/wp-content\/uploads\/2021\/12\/WhatsApp-Image-2021-12-15-at-11.39.21-1-1024x526.jpeg 1024w, https:\/\/grupotiempodigital.com.ar\/wp-content\/uploads\/2021\/12\/WhatsApp-Image-2021-12-15-at-11.39.21-1-768x395.jpeg 768w\" sizes=\"auto, (max-width: 1280px) 100vw, 1280px\" \/><\/a>\n\t\t\t<\/div><\/figure><figure class='gallery-item'>\n\t\t\t<div class='gallery-icon landscape'>\n\t\t\t\t<a href='https:\/\/grupotiempodigital.com.ar\/?attachment_id=36026'><img loading=\"lazy\" decoding=\"async\" width=\"937\" height=\"625\" src=\"https:\/\/grupotiempodigital.com.ar\/wp-content\/uploads\/2021\/12\/WhatsApp-Image-2021-12-15-at-11.39.21.jpeg\" class=\"attachment-full size-full\" alt=\"\" srcset=\"https:\/\/grupotiempodigital.com.ar\/wp-content\/uploads\/2021\/12\/WhatsApp-Image-2021-12-15-at-11.39.21.jpeg 937w, https:\/\/grupotiempodigital.com.ar\/wp-content\/uploads\/2021\/12\/WhatsApp-Image-2021-12-15-at-11.39.21-300x200.jpeg 300w, https:\/\/grupotiempodigital.com.ar\/wp-content\/uploads\/2021\/12\/WhatsApp-Image-2021-12-15-at-11.39.21-768x512.jpeg 768w\" sizes=\"auto, (max-width: 937px) 100vw, 937px\" \/><\/a>\n\t\t\t<\/div><\/figure>\n\t\t<\/div>\n\n<p style=\"text-align: center;\"><strong>MUNICIPALIDAD DE GENERAL PAZ<\/strong><\/p>\n<p style=\"text-align: center;\"><strong>Estamos cambiando por vos<\/strong><\/p>\n","protected":false},"excerpt":{"rendered":"<p>La \u00faltima semana, se retomaron los trabajos de la empresa Construmex S.A. en Ranchos. Hace d\u00edas iniciaron las tareas de<\/p>\n","protected":false},"author":3,"featured_media":36022,"comment_status":"open","ping_status":"open","sticky":false,"template":"","format":"standard","meta":{"colormag_page_container_layout":"default_layout","colormag_page_sidebar_layout":"default_layout","footnotes":""},"categories":[1,38,44],"tags":[],"class_list":["post-36020","post","type-post","status-publish","format-standard","has-post-thumbnail","hentry","category-actualidad","category-destacadas","category-general-paz"],"_links":{"self":[{"href":"https:\/\/grupotiempodigital.com.ar\/index.php?rest_route=\/wp\/v2\/posts\/36020","targetHints":{"allow":["GET"]}}],"collection":[{"href":"https:\/\/grupotiempodigital.com.ar\/index.php?rest_route=\/wp\/v2\/posts"}],"about":[{"href":"https:\/\/grupotiempodigital.com.ar\/index.php?rest_route=\/wp\/v2\/types\/post"}],"author":[{"embeddable":true,"href":"https:\/\/grupotiempodigital.com.ar\/index.php?rest_route=\/wp\/v2\/users\/3"}],"replies":[{"embeddable":true,"href":"https:\/\/grupotiempodigital.com.ar\/index.php?rest_route=%2Fwp%2Fv2%2Fcomments&post=36020"}],"version-history":[{"count":3,"href":"https:\/\/grupotiempodigital.com.ar\/index.php?rest_route=\/wp\/v2\/posts\/36020\/revisions"}],"predecessor-version":[{"id":36032,"href":"https:\/\/grupotiempodigital.com.ar\/index.php?rest_route=\/wp\/v2\/posts\/36020\/revisions\/36032"}],"wp:featuredmedia":[{"embeddable":true,"href":"https:\/\/grupotiempodigital.com.ar\/index.php?rest_route=\/wp\/v2\/media\/36022"}],"wp:attachment":[{"href":"https:\/\/grupotiempodigital.com.ar\/index.php?rest_route=%2Fwp%2Fv2%2Fmedia&parent=36020"}],"wp:term":[{"taxonomy":"category","embeddable":true,"href":"https:\/\/grupotiempodigital.com.ar\/index.php?rest_route=%2Fwp%2Fv2%2Fcategories&post=36020"},{"taxonomy":"post_tag","embeddable":true,"href":"https:\/\/grupotiempodigital.com.ar\/index.php?rest_route=%2Fwp%2Fv2%2Ftags&post=36020"}],"curies":[{"name":"wp","href":"https:\/\/api.w.org\/{rel}","templated":true}]}}