{"id":36016,"date":"2021-12-15T10:41:56","date_gmt":"2021-12-15T13:41:56","guid":{"rendered":"https:\/\/grupotiempodigital.com.ar\/?p=36016"},"modified":"2021-12-15T10:42:40","modified_gmt":"2021-12-15T13:42:40","slug":"llamado-a-licitacion-public","status":"publish","type":"post","link":"https:\/\/grupotiempodigital.com.ar\/?p=36016","title":{"rendered":"LLAMADO A LICITACI\u00d3N P\u00daBLICA"},"content":{"rendered":"<p>La Municipalidad de General Paz informa el llamado a la licitaci\u00f3n p\u00fablica N\u00b0 12\/2021, para la concesi\u00f3n a Asociaciones Civiles de los festejos de Carnaval 2022 en las localidades de Ranchos, Villanueva y Loma Verde. El pliego es gratuito y la fecha l\u00edmite para la presentaci\u00f3n de propuestas -en la Direcci\u00f3n de Compras en el Palacio Municipal &#8211; ser\u00e1 hasta el d\u00eda 28 de diciembre del corriente a\u00f1o, a las 10:00 hs.<\/p>\n<p>La apertura de sobres, por su parte, est\u00e1 pautada para el d\u00eda 28 de diciembre, a las 11:00 hs. en el Sal\u00f3n de Usos M\u00faltiples del Centro C\u00edvico, ubicado en la calle Dr. Obdulio Hern\u00e1ndez Castro 2813 (frente al Palacio Municipal).<\/p>\n<p>Cabe destacar que la consulta de pliegos ser\u00e1 hasta el d\u00eda h\u00e1bil previo a la apertura de propuestas v\u00eda mail a generalpaz.compras@live.com.ar.<\/p>\n<p>&nbsp;<\/p>\n<p>&nbsp;<\/p>\n<p>&nbsp;<\/p>\n<p>&nbsp;<\/p>\n","protected":false},"excerpt":{"rendered":"<p>La Municipalidad de General Paz informa el llamado a la licitaci\u00f3n p\u00fablica N\u00b0 12\/2021, para la concesi\u00f3n a Asociaciones Civiles<\/p>\n","protected":false},"author":3,"featured_media":0,"comment_status":"open","ping_status":"open","sticky":false,"template":"","format":"standard","meta":{"colormag_page_container_layout":"default_layout","colormag_page_sidebar_layout":"default_layout","footnotes":""},"categories":[1],"tags":[],"class_list":["post-36016","post","type-post","status-publish","format-standard","hentry","category-actualidad"],"_links":{"self":[{"href":"https:\/\/grupotiempodigital.com.ar\/index.php?rest_route=\/wp\/v2\/posts\/36016","targetHints":{"allow":["GET"]}}],"collection":[{"href":"https:\/\/grupotiempodigital.com.ar\/index.php?rest_route=\/wp\/v2\/posts"}],"about":[{"href":"https:\/\/grupotiempodigital.com.ar\/index.php?rest_route=\/wp\/v2\/types\/post"}],"author":[{"embeddable":true,"href":"https:\/\/grupotiempodigital.com.ar\/index.php?rest_route=\/wp\/v2\/users\/3"}],"replies":[{"embeddable":true,"href":"https:\/\/grupotiempodigital.com.ar\/index.php?rest_route=%2Fwp%2Fv2%2Fcomments&post=36016"}],"version-history":[{"count":3,"href":"https:\/\/grupotiempodigital.com.ar\/index.php?rest_route=\/wp\/v2\/posts\/36016\/revisions"}],"predecessor-version":[{"id":36019,"href":"https:\/\/grupotiempodigital.com.ar\/index.php?rest_route=\/wp\/v2\/posts\/36016\/revisions\/36019"}],"wp:attachment":[{"href":"https:\/\/grupotiempodigital.com.ar\/index.php?rest_route=%2Fwp%2Fv2%2Fmedia&parent=36016"}],"wp:term":[{"taxonomy":"category","embeddable":true,"href":"https:\/\/grupotiempodigital.com.ar\/index.php?rest_route=%2Fwp%2Fv2%2Fcategories&post=36016"},{"taxonomy":"post_tag","embeddable":true,"href":"https:\/\/grupotiempodigital.com.ar\/index.php?rest_route=%2Fwp%2Fv2%2Ftags&post=36016"}],"curies":[{"name":"wp","href":"https:\/\/api.w.org\/{rel}","templated":true}]}}