{"id":36004,"date":"2021-12-15T09:47:00","date_gmt":"2021-12-15T12:47:00","guid":{"rendered":"https:\/\/grupotiempodigital.com.ar\/?p=36004"},"modified":"2021-12-15T09:47:31","modified_gmt":"2021-12-15T12:47:31","slug":"e-m-f-i-se-entregaron-trofeos-y-se-despidio-a-la-categoria-2008","status":"publish","type":"post","link":"https:\/\/grupotiempodigital.com.ar\/?p=36004","title":{"rendered":"E.M.F.I.: Se entregaron trofeos y se despidi\u00f3 a la categor\u00eda 2008"},"content":{"rendered":"<p>Con la presencia de autoridades y la conducci\u00f3n de Marcelo Robertson, ayer martes por la noche en las instalaciones de la Escuela Municipal de F\u00fatbol Infantil se realiz\u00f3, como todos los a\u00f1os, la entrega de trofeos a todos los integrantes de las distintas categor\u00edas de dicha instituci\u00f3n y se despidi\u00f3 a la categor\u00eda 2008 que se alejan.<br \/>\n<strong>Los egresados son: <\/strong><br \/>\n<em><strong>Alberti Thomas, Alonso Agustin, Benavides Santino, Benito Gregorio, Blanco Ramiro, Capullo Fausto, Chiozza Bautista, Colman Marcos, Contreras Facundo, Cortes Lucio, Curvale Andr\u00e9s, Del Campo Agust\u00edn, Del Pino Enrique, D\u00edaz Fausto, Driolet Valent\u00edn, Eleosovi Francisco, Hirigoyen Lautaro, Iudati Tiziano, Lezcano Agust\u00edn, L\u00f3pez Juan Rom\u00e1n, Pedernera Guillermo, P\u00e9rez Benjamin, Piriz Leonardo, Ramos Marcos, Rodriguez Lucas, Santero Mateo, Senesoure Gabriel, Tobio Uriel, Torres Ariel, Trespalacio Felipe, Vega Benjam\u00edn, Villar Nahuel.<\/strong><\/em><br \/>\n<strong>Profesor: Exp\u00f3sito Nicol\u00e1s<\/strong><\/p>\n<p><a href=\"https:\/\/grupotiempodigital.com.ar\/wp-content\/uploads\/2021\/12\/1-2.jpg\"><img loading=\"lazy\" decoding=\"async\" class=\"aligncenter size-full wp-image-36010\" src=\"https:\/\/grupotiempodigital.com.ar\/wp-content\/uploads\/2021\/12\/1-2.jpg\" alt=\"\" width=\"960\" height=\"718\" srcset=\"https:\/\/grupotiempodigital.com.ar\/wp-content\/uploads\/2021\/12\/1-2.jpg 960w, https:\/\/grupotiempodigital.com.ar\/wp-content\/uploads\/2021\/12\/1-2-300x224.jpg 300w, https:\/\/grupotiempodigital.com.ar\/wp-content\/uploads\/2021\/12\/1-2-768x574.jpg 768w, https:\/\/grupotiempodigital.com.ar\/wp-content\/uploads\/2021\/12\/1-2-160x120.jpg 160w\" sizes=\"auto, (max-width: 960px) 100vw, 960px\" \/><\/a><\/p>\n<p><a href=\"https:\/\/grupotiempodigital.com.ar\/wp-content\/uploads\/2021\/12\/2-2.jpg\"><img loading=\"lazy\" decoding=\"async\" class=\"aligncenter size-full wp-image-36009\" src=\"https:\/\/grupotiempodigital.com.ar\/wp-content\/uploads\/2021\/12\/2-2.jpg\" alt=\"\" width=\"960\" height=\"718\" srcset=\"https:\/\/grupotiempodigital.com.ar\/wp-content\/uploads\/2021\/12\/2-2.jpg 960w, https:\/\/grupotiempodigital.com.ar\/wp-content\/uploads\/2021\/12\/2-2-300x224.jpg 300w, https:\/\/grupotiempodigital.com.ar\/wp-content\/uploads\/2021\/12\/2-2-768x574.jpg 768w, https:\/\/grupotiempodigital.com.ar\/wp-content\/uploads\/2021\/12\/2-2-160x120.jpg 160w\" sizes=\"auto, (max-width: 960px) 100vw, 960px\" \/><\/a><\/p>\n<p><a href=\"https:\/\/grupotiempodigital.com.ar\/wp-content\/uploads\/2021\/12\/3-2.jpg\"><img loading=\"lazy\" decoding=\"async\" class=\"aligncenter size-full wp-image-36008\" src=\"https:\/\/grupotiempodigital.com.ar\/wp-content\/uploads\/2021\/12\/3-2.jpg\" alt=\"\" width=\"960\" height=\"718\" srcset=\"https:\/\/grupotiempodigital.com.ar\/wp-content\/uploads\/2021\/12\/3-2.jpg 960w, https:\/\/grupotiempodigital.com.ar\/wp-content\/uploads\/2021\/12\/3-2-300x224.jpg 300w, https:\/\/grupotiempodigital.com.ar\/wp-content\/uploads\/2021\/12\/3-2-768x574.jpg 768w, https:\/\/grupotiempodigital.com.ar\/wp-content\/uploads\/2021\/12\/3-2-160x120.jpg 160w\" sizes=\"auto, (max-width: 960px) 100vw, 960px\" \/><\/a><\/p>\n<p><a href=\"https:\/\/grupotiempodigital.com.ar\/wp-content\/uploads\/2021\/12\/5.jpg\"><img loading=\"lazy\" decoding=\"async\" class=\"aligncenter size-full wp-image-36007\" src=\"https:\/\/grupotiempodigital.com.ar\/wp-content\/uploads\/2021\/12\/5.jpg\" alt=\"\" width=\"960\" height=\"718\" srcset=\"https:\/\/grupotiempodigital.com.ar\/wp-content\/uploads\/2021\/12\/5.jpg 960w, https:\/\/grupotiempodigital.com.ar\/wp-content\/uploads\/2021\/12\/5-300x224.jpg 300w, https:\/\/grupotiempodigital.com.ar\/wp-content\/uploads\/2021\/12\/5-768x574.jpg 768w, https:\/\/grupotiempodigital.com.ar\/wp-content\/uploads\/2021\/12\/5-160x120.jpg 160w\" sizes=\"auto, (max-width: 960px) 100vw, 960px\" \/><\/a><\/p>\n","protected":false},"excerpt":{"rendered":"<p>Con la presencia de autoridades y la conducci\u00f3n de Marcelo Robertson, ayer martes por la noche en las instalaciones de<\/p>\n","protected":false},"author":3,"featured_media":36006,"comment_status":"open","ping_status":"open","sticky":false,"template":"","format":"standard","meta":{"colormag_page_container_layout":"default_layout","colormag_page_sidebar_layout":"default_layout","footnotes":""},"categories":[1],"tags":[],"class_list":["post-36004","post","type-post","status-publish","format-standard","has-post-thumbnail","hentry","category-actualidad"],"_links":{"self":[{"href":"https:\/\/grupotiempodigital.com.ar\/index.php?rest_route=\/wp\/v2\/posts\/36004","targetHints":{"allow":["GET"]}}],"collection":[{"href":"https:\/\/grupotiempodigital.com.ar\/index.php?rest_route=\/wp\/v2\/posts"}],"about":[{"href":"https:\/\/grupotiempodigital.com.ar\/index.php?rest_route=\/wp\/v2\/types\/post"}],"author":[{"embeddable":true,"href":"https:\/\/grupotiempodigital.com.ar\/index.php?rest_route=\/wp\/v2\/users\/3"}],"replies":[{"embeddable":true,"href":"https:\/\/grupotiempodigital.com.ar\/index.php?rest_route=%2Fwp%2Fv2%2Fcomments&post=36004"}],"version-history":[{"count":3,"href":"https:\/\/grupotiempodigital.com.ar\/index.php?rest_route=\/wp\/v2\/posts\/36004\/revisions"}],"predecessor-version":[{"id":36012,"href":"https:\/\/grupotiempodigital.com.ar\/index.php?rest_route=\/wp\/v2\/posts\/36004\/revisions\/36012"}],"wp:featuredmedia":[{"embeddable":true,"href":"https:\/\/grupotiempodigital.com.ar\/index.php?rest_route=\/wp\/v2\/media\/36006"}],"wp:attachment":[{"href":"https:\/\/grupotiempodigital.com.ar\/index.php?rest_route=%2Fwp%2Fv2%2Fmedia&parent=36004"}],"wp:term":[{"taxonomy":"category","embeddable":true,"href":"https:\/\/grupotiempodigital.com.ar\/index.php?rest_route=%2Fwp%2Fv2%2Fcategories&post=36004"},{"taxonomy":"post_tag","embeddable":true,"href":"https:\/\/grupotiempodigital.com.ar\/index.php?rest_route=%2Fwp%2Fv2%2Ftags&post=36004"}],"curies":[{"name":"wp","href":"https:\/\/api.w.org\/{rel}","templated":true}]}}