{"id":35994,"date":"2021-12-14T16:18:03","date_gmt":"2021-12-14T19:18:03","guid":{"rendered":"https:\/\/grupotiempodigital.com.ar\/?p=35994"},"modified":"2021-12-14T16:18:03","modified_gmt":"2021-12-14T19:18:03","slug":"subcrio-chiniquini-joven-de-17-anos-detenido-dos-veces-en-un-dia-y-medio-y-ya-esta-libre","status":"publish","type":"post","link":"https:\/\/grupotiempodigital.com.ar\/?p=35994","title":{"rendered":"Subcrio Chiniquini: Joven de 17 a\u00f1os detenido dos veces en un dia y medio y ya est\u00e1 libre"},"content":{"rendered":"<p>El Subcrio. Gabriel Chiniquini de la polic\u00eda de General Paz dialog\u00f3 en las radios de TIEMPO (Libres del Sur FM 90.1 Mhz de Chascom\u00fas en Ranchos La Palabra FM 90.7 Mhz y LV FM 90.1 Mhz de Loma Verde) Sobre el robo que sufriera el comercio conocido como Casa Maffei.<\/p>\n<p>\u00abEl robo ya esta esclarecido. Fue producido por un menor en horas de la ma\u00f1ana. Alrededor de las 7 de la ma\u00f1ana de hoy. Rompiendo la puerta de acceso de calle Irigoyen. Poco despu\u00e9s se pudo dar con el delincuente y recuperar lo sustra\u00eddo, que ya fue devuelto al perjudicado&#8230;\u00bb dijo sobre el hecho en cuesti\u00f3n.<\/p>\n<p>Sobre el autor del il\u00edcito explico \u00abEsta en car\u00e1cter de aprehendido por la UFI Penal Juvenil 1 de La Plata. Se le encontr\u00f3 30 mil pesos y elementos. Tras el robo personal policial lo cruza a varias cuadras y nota una actitud nerviosa y evasiva por eso es abordado por el personal policial. Este menor tiene antecedentes de robo con moto veh\u00edculos y hasta una causa por la que fue detenido el pasado domingo ( menos de 48 Hs) por una causa de desobediencia&#8230;\u00bb cerro Chiniquini.<br \/>\nTambi\u00e9n infirm\u00f3 que el joven de 17 a\u00f1os ya recuper\u00f3 la libertad.<\/p>\n<p style=\"text-align: center;\"><strong>ESCUCHAR ENTREVISTA COMPLETA<\/strong><br \/>\n<iframe loading=\"lazy\" src=\"https:\/\/drive.google.com\/file\/d\/1V5L5I0VxUGjwmJS3luVzx3E556gwTAvK\/preview\" width=\"320\" height=\"80\"><span data-mce-type=\"bookmark\" style=\"display: inline-block; width: 0px; overflow: hidden; line-height: 0;\" class=\"mce_SELRES_start\">\ufeff<\/span><\/iframe><\/p>\n","protected":false},"excerpt":{"rendered":"<p>El Subcrio. Gabriel Chiniquini de la polic\u00eda de General Paz dialog\u00f3 en las radios de TIEMPO (Libres del Sur FM<\/p>\n","protected":false},"author":3,"featured_media":35992,"comment_status":"open","ping_status":"open","sticky":false,"template":"","format":"standard","meta":{"colormag_page_container_layout":"default_layout","colormag_page_sidebar_layout":"default_layout","footnotes":""},"categories":[1],"tags":[],"class_list":["post-35994","post","type-post","status-publish","format-standard","has-post-thumbnail","hentry","category-actualidad"],"_links":{"self":[{"href":"https:\/\/grupotiempodigital.com.ar\/index.php?rest_route=\/wp\/v2\/posts\/35994","targetHints":{"allow":["GET"]}}],"collection":[{"href":"https:\/\/grupotiempodigital.com.ar\/index.php?rest_route=\/wp\/v2\/posts"}],"about":[{"href":"https:\/\/grupotiempodigital.com.ar\/index.php?rest_route=\/wp\/v2\/types\/post"}],"author":[{"embeddable":true,"href":"https:\/\/grupotiempodigital.com.ar\/index.php?rest_route=\/wp\/v2\/users\/3"}],"replies":[{"embeddable":true,"href":"https:\/\/grupotiempodigital.com.ar\/index.php?rest_route=%2Fwp%2Fv2%2Fcomments&post=35994"}],"version-history":[{"count":2,"href":"https:\/\/grupotiempodigital.com.ar\/index.php?rest_route=\/wp\/v2\/posts\/35994\/revisions"}],"predecessor-version":[{"id":35996,"href":"https:\/\/grupotiempodigital.com.ar\/index.php?rest_route=\/wp\/v2\/posts\/35994\/revisions\/35996"}],"wp:featuredmedia":[{"embeddable":true,"href":"https:\/\/grupotiempodigital.com.ar\/index.php?rest_route=\/wp\/v2\/media\/35992"}],"wp:attachment":[{"href":"https:\/\/grupotiempodigital.com.ar\/index.php?rest_route=%2Fwp%2Fv2%2Fmedia&parent=35994"}],"wp:term":[{"taxonomy":"category","embeddable":true,"href":"https:\/\/grupotiempodigital.com.ar\/index.php?rest_route=%2Fwp%2Fv2%2Fcategories&post=35994"},{"taxonomy":"post_tag","embeddable":true,"href":"https:\/\/grupotiempodigital.com.ar\/index.php?rest_route=%2Fwp%2Fv2%2Ftags&post=35994"}],"curies":[{"name":"wp","href":"https:\/\/api.w.org\/{rel}","templated":true}]}}