{"id":35986,"date":"2021-12-14T12:19:27","date_gmt":"2021-12-14T15:19:27","guid":{"rendered":"https:\/\/grupotiempodigital.com.ar\/?p=35986"},"modified":"2021-12-14T12:19:27","modified_gmt":"2021-12-14T15:19:27","slug":"robo-esclarecido","status":"publish","type":"post","link":"https:\/\/grupotiempodigital.com.ar\/?p=35986","title":{"rendered":"ROBO ESCLARECIDO"},"content":{"rendered":"<p>Por intermedio de la presente informo a Uds., que en el d\u00eda de la fecha en horas de la ma\u00f1ana, se recibe llamado telef\u00f3nico de un comerciante, que da cuenta que hab\u00eda sido v\u00edctima de un hecho de \u201cROBO\u201d en su local comercial sito en la calle Hip\u00f3lito Irigoyen y calle Luis Giles de esta localidad, con nombre de fantas\u00eda \u201cCasa Maffei\u201d, dedicado al rubro de venta de bazar, regalar\u00eda y jugueter\u00eda, advirtiendo el faltante de 30.000 pesos en efectivos y elementos varios de regalar\u00eda que no puede precisar con exactitud. Que al llegar personal policial al lugar advierten la veracidad del relato y la puerta de acceso con su cristal violentado. Inmediatamente se libera alerta a todas las unidades m\u00f3viles y comienza la revisi\u00f3n de c\u00e1maras municipales y vecinales. Que en la zona se observa la presencia de un masculino, de 17 a\u00f1os de edad, oriundo de esta localidad, quien llevaba consigo dos mochilas, en estado alterado y desorientado. Que ante esta actitud se lo detiene y se lleva a cabo una requisa de sus pertenencias, procediendo a incautarle en su poder, 30.000 mil pesos en efectivos de distintos billetes de valor nominal, auriculares, dos (2) tiras de luces LED, una m\u00e1quina de cortar cabello, dos (2) billeteras de cuerina de color negra, cuatro (4) juegos de lentes de sol con su respectiva etiqueta, cuatro (4) relojes anal\u00f3gicos nuevos, un corta pluma y cables de usb varios entre otras cosas. Que inmediata se procede a su aprehensi\u00f3n y traslado del mismo a la seccional. Se labran actuaciones caratulada \u201cROBO\u201d, con Intervenci\u00f3n de la U.F.I Penal Juvenil nro. 1 del Departamento judicial La Plata.<br \/>\n<strong>Fdo. Comisario Inspector Patricio A. Caballero, Jefe Polic\u00eda Seguridad Comunal Gral. Paz.<\/strong><\/p>\n<div id='gallery-1' class='gallery galleryid-35986 gallery-columns-2 gallery-size-full'><figure class='gallery-item'>\n\t\t\t<div class='gallery-icon portrait'>\n\t\t\t\t<a href='https:\/\/grupotiempodigital.com.ar\/?attachment_id=35988'><img loading=\"lazy\" decoding=\"async\" width=\"946\" height=\"1280\" src=\"https:\/\/grupotiempodigital.com.ar\/wp-content\/uploads\/2021\/12\/Maffei-1.jpeg\" class=\"attachment-full size-full\" alt=\"\" srcset=\"https:\/\/grupotiempodigital.com.ar\/wp-content\/uploads\/2021\/12\/Maffei-1.jpeg 946w, https:\/\/grupotiempodigital.com.ar\/wp-content\/uploads\/2021\/12\/Maffei-1-222x300.jpeg 222w, https:\/\/grupotiempodigital.com.ar\/wp-content\/uploads\/2021\/12\/Maffei-1-757x1024.jpeg 757w, https:\/\/grupotiempodigital.com.ar\/wp-content\/uploads\/2021\/12\/Maffei-1-768x1039.jpeg 768w\" sizes=\"auto, (max-width: 946px) 100vw, 946px\" \/><\/a>\n\t\t\t<\/div><\/figure><figure class='gallery-item'>\n\t\t\t<div class='gallery-icon landscape'>\n\t\t\t\t<a href='https:\/\/grupotiempodigital.com.ar\/?attachment_id=35991'><img loading=\"lazy\" decoding=\"async\" width=\"1600\" height=\"756\" src=\"https:\/\/grupotiempodigital.com.ar\/wp-content\/uploads\/2021\/12\/Maffei-3.jpeg\" class=\"attachment-full size-full\" alt=\"\" srcset=\"https:\/\/grupotiempodigital.com.ar\/wp-content\/uploads\/2021\/12\/Maffei-3.jpeg 1600w, https:\/\/grupotiempodigital.com.ar\/wp-content\/uploads\/2021\/12\/Maffei-3-300x142.jpeg 300w, https:\/\/grupotiempodigital.com.ar\/wp-content\/uploads\/2021\/12\/Maffei-3-1024x484.jpeg 1024w, https:\/\/grupotiempodigital.com.ar\/wp-content\/uploads\/2021\/12\/Maffei-3-768x363.jpeg 768w, https:\/\/grupotiempodigital.com.ar\/wp-content\/uploads\/2021\/12\/Maffei-3-1536x726.jpeg 1536w\" sizes=\"auto, (max-width: 1600px) 100vw, 1600px\" \/><\/a>\n\t\t\t<\/div><\/figure><figure class='gallery-item'>\n\t\t\t<div class='gallery-icon portrait'>\n\t\t\t\t<a href='https:\/\/grupotiempodigital.com.ar\/?attachment_id=35989'><img loading=\"lazy\" decoding=\"async\" width=\"492\" height=\"1040\" src=\"https:\/\/grupotiempodigital.com.ar\/wp-content\/uploads\/2021\/12\/Maffei-5.jpeg\" class=\"attachment-full size-full\" alt=\"\" srcset=\"https:\/\/grupotiempodigital.com.ar\/wp-content\/uploads\/2021\/12\/Maffei-5.jpeg 492w, https:\/\/grupotiempodigital.com.ar\/wp-content\/uploads\/2021\/12\/Maffei-5-142x300.jpeg 142w, https:\/\/grupotiempodigital.com.ar\/wp-content\/uploads\/2021\/12\/Maffei-5-484x1024.jpeg 484w\" sizes=\"auto, (max-width: 492px) 100vw, 492px\" \/><\/a>\n\t\t\t<\/div><\/figure><figure class='gallery-item'>\n\t\t\t<div class='gallery-icon portrait'>\n\t\t\t\t<a href='https:\/\/grupotiempodigital.com.ar\/?attachment_id=35990'><img loading=\"lazy\" decoding=\"async\" width=\"492\" height=\"1040\" src=\"https:\/\/grupotiempodigital.com.ar\/wp-content\/uploads\/2021\/12\/Maffei-4.jpeg\" class=\"attachment-full size-full\" alt=\"\" srcset=\"https:\/\/grupotiempodigital.com.ar\/wp-content\/uploads\/2021\/12\/Maffei-4.jpeg 492w, https:\/\/grupotiempodigital.com.ar\/wp-content\/uploads\/2021\/12\/Maffei-4-142x300.jpeg 142w, https:\/\/grupotiempodigital.com.ar\/wp-content\/uploads\/2021\/12\/Maffei-4-484x1024.jpeg 484w\" sizes=\"auto, (max-width: 492px) 100vw, 492px\" \/><\/a>\n\t\t\t<\/div><\/figure><figure class='gallery-item'>\n\t\t\t<div class='gallery-icon portrait'>\n\t\t\t\t<a href='https:\/\/grupotiempodigital.com.ar\/?attachment_id=35992'><img loading=\"lazy\" decoding=\"async\" width=\"734\" height=\"1167\" src=\"https:\/\/grupotiempodigital.com.ar\/wp-content\/uploads\/2021\/12\/Maffei-2.jpeg\" class=\"attachment-full size-full\" alt=\"\" srcset=\"https:\/\/grupotiempodigital.com.ar\/wp-content\/uploads\/2021\/12\/Maffei-2.jpeg 734w, https:\/\/grupotiempodigital.com.ar\/wp-content\/uploads\/2021\/12\/Maffei-2-189x300.jpeg 189w, https:\/\/grupotiempodigital.com.ar\/wp-content\/uploads\/2021\/12\/Maffei-2-644x1024.jpeg 644w\" sizes=\"auto, (max-width: 734px) 100vw, 734px\" \/><\/a>\n\t\t\t<\/div><\/figure>\n\t\t<\/div>\n\n","protected":false},"excerpt":{"rendered":"<p>Por intermedio de la presente informo a Uds., que en el d\u00eda de la fecha en horas de la ma\u00f1ana,<\/p>\n","protected":false},"author":3,"featured_media":35991,"comment_status":"open","ping_status":"open","sticky":false,"template":"","format":"standard","meta":{"colormag_page_container_layout":"default_layout","colormag_page_sidebar_layout":"default_layout","footnotes":""},"categories":[1,38,44,39],"tags":[],"class_list":["post-35986","post","type-post","status-publish","format-standard","has-post-thumbnail","hentry","category-actualidad","category-destacadas","category-general-paz","category-policiales"],"_links":{"self":[{"href":"https:\/\/grupotiempodigital.com.ar\/index.php?rest_route=\/wp\/v2\/posts\/35986","targetHints":{"allow":["GET"]}}],"collection":[{"href":"https:\/\/grupotiempodigital.com.ar\/index.php?rest_route=\/wp\/v2\/posts"}],"about":[{"href":"https:\/\/grupotiempodigital.com.ar\/index.php?rest_route=\/wp\/v2\/types\/post"}],"author":[{"embeddable":true,"href":"https:\/\/grupotiempodigital.com.ar\/index.php?rest_route=\/wp\/v2\/users\/3"}],"replies":[{"embeddable":true,"href":"https:\/\/grupotiempodigital.com.ar\/index.php?rest_route=%2Fwp%2Fv2%2Fcomments&post=35986"}],"version-history":[{"count":2,"href":"https:\/\/grupotiempodigital.com.ar\/index.php?rest_route=\/wp\/v2\/posts\/35986\/revisions"}],"predecessor-version":[{"id":35993,"href":"https:\/\/grupotiempodigital.com.ar\/index.php?rest_route=\/wp\/v2\/posts\/35986\/revisions\/35993"}],"wp:featuredmedia":[{"embeddable":true,"href":"https:\/\/grupotiempodigital.com.ar\/index.php?rest_route=\/wp\/v2\/media\/35991"}],"wp:attachment":[{"href":"https:\/\/grupotiempodigital.com.ar\/index.php?rest_route=%2Fwp%2Fv2%2Fmedia&parent=35986"}],"wp:term":[{"taxonomy":"category","embeddable":true,"href":"https:\/\/grupotiempodigital.com.ar\/index.php?rest_route=%2Fwp%2Fv2%2Fcategories&post=35986"},{"taxonomy":"post_tag","embeddable":true,"href":"https:\/\/grupotiempodigital.com.ar\/index.php?rest_route=%2Fwp%2Fv2%2Ftags&post=35986"}],"curies":[{"name":"wp","href":"https:\/\/api.w.org\/{rel}","templated":true}]}}