{"id":35973,"date":"2021-12-13T17:44:34","date_gmt":"2021-12-13T20:44:34","guid":{"rendered":"https:\/\/grupotiempodigital.com.ar\/?p=35973"},"modified":"2021-12-13T17:44:34","modified_gmt":"2021-12-13T20:44:34","slug":"norma-moyano-y-el-justo-premio-de-cosquin-para-el-ballet-g-paz","status":"publish","type":"post","link":"https:\/\/grupotiempodigital.com.ar\/?p=35973","title":{"rendered":"Norma Moyano y el justo premio de Cosqu\u00edn para el ballet G. Paz."},"content":{"rendered":"<p>En la ma\u00f1ana de este lunes entrevistamos en las radios del TIEMPO (Libres del Sur FM 90.1 Mhz de Chascom\u00fas en Ranchos La Palabra FM 90.7 Mhz y LV FM 90.1 Mhz de Loma Verde) tras brindar la primicia de la confirmaci\u00f3n del ballet Gral Paz en Cosquin 2022 a Norma Moyano directora del Ballet, luego de la confirmaci\u00f3n oficial de la presentaci\u00f3n de Cosqun de la participaci\u00f3n en el patio del festival<\/p>\n<p>\u00abGracias Rub\u00e9n. Nosotros est\u00e1bamos esperando el contrato, pero ya sabemos que bailamos el 25 de enero en la noche que esta Abel Pintos. Solo faltaba la confirmaci\u00f3n de fecha&#8230;\u00bb dijo la directora del Ballet General Paz<\/p>\n<p>\u00abCuando se conoci\u00f3 la realizaci\u00f3n de una nueva edici\u00f3n el festival cordob\u00e9s varios amigos que tenemos en Cosqun nos mandaron a preguntar por el Ballet. Por eso empezamos a hablar con la comisi\u00f3n para poder viajar. El mi\u00e9rcoles nos llego la comunicaci\u00f3n y lo mantuvimos hasta el viernes que se lo dijimos a los chicos en el ensayo&#8230;\u00bb dijo Moyano sobre como se enteraron de la confimarcion de la fecha.<\/p>\n<p>El espect\u00e1culo callejero est\u00e1 atrasado, nosotros ten\u00edamos la inscripci\u00f3n y el alquiler del alojamiento. De hacer el espect\u00e1culo vamos a hacer el cuadro de Cachencho que a mi me gusta por la alegr\u00eda y tiene el estilo de los espect\u00e1culos callejeros.\u00bb<br \/>\nEl ballet que en la \u00faltima edici\u00f3n de Cosqu\u00edn tuvo l\u00facidas actuaciones en varios escenarios esta vez viaja con un importante lugar ya asegurado en la Plaza Pr\u00f3spero Molina.<\/p>\n<p>&nbsp;<\/p>\n<p style=\"text-align: center;\"><strong>ESCUCHAR ENTREVISTA COMPLETA<\/strong><br \/>\n<iframe loading=\"lazy\" src=\"https:\/\/drive.google.com\/file\/d\/1_277caMKwxt9gcVAObFQDKOGaKtqVf_c\/preview\" width=\"320\" height=\"80\"><span data-mce-type=\"bookmark\" style=\"display: inline-block; width: 0px; overflow: hidden; line-height: 0;\" class=\"mce_SELRES_start\">\ufeff<\/span><\/iframe><\/p>\n","protected":false},"excerpt":{"rendered":"<p>En la ma\u00f1ana de este lunes entrevistamos en las radios del TIEMPO (Libres del Sur FM 90.1 Mhz de Chascom\u00fas<\/p>\n","protected":false},"author":3,"featured_media":20414,"comment_status":"open","ping_status":"open","sticky":false,"template":"","format":"standard","meta":{"colormag_page_container_layout":"default_layout","colormag_page_sidebar_layout":"default_layout","footnotes":""},"categories":[1,38,43],"tags":[],"class_list":["post-35973","post","type-post","status-publish","format-standard","has-post-thumbnail","hentry","category-actualidad","category-destacadas","category-notas-con-audio"],"_links":{"self":[{"href":"https:\/\/grupotiempodigital.com.ar\/index.php?rest_route=\/wp\/v2\/posts\/35973","targetHints":{"allow":["GET"]}}],"collection":[{"href":"https:\/\/grupotiempodigital.com.ar\/index.php?rest_route=\/wp\/v2\/posts"}],"about":[{"href":"https:\/\/grupotiempodigital.com.ar\/index.php?rest_route=\/wp\/v2\/types\/post"}],"author":[{"embeddable":true,"href":"https:\/\/grupotiempodigital.com.ar\/index.php?rest_route=\/wp\/v2\/users\/3"}],"replies":[{"embeddable":true,"href":"https:\/\/grupotiempodigital.com.ar\/index.php?rest_route=%2Fwp%2Fv2%2Fcomments&post=35973"}],"version-history":[{"count":2,"href":"https:\/\/grupotiempodigital.com.ar\/index.php?rest_route=\/wp\/v2\/posts\/35973\/revisions"}],"predecessor-version":[{"id":35975,"href":"https:\/\/grupotiempodigital.com.ar\/index.php?rest_route=\/wp\/v2\/posts\/35973\/revisions\/35975"}],"wp:featuredmedia":[{"embeddable":true,"href":"https:\/\/grupotiempodigital.com.ar\/index.php?rest_route=\/wp\/v2\/media\/20414"}],"wp:attachment":[{"href":"https:\/\/grupotiempodigital.com.ar\/index.php?rest_route=%2Fwp%2Fv2%2Fmedia&parent=35973"}],"wp:term":[{"taxonomy":"category","embeddable":true,"href":"https:\/\/grupotiempodigital.com.ar\/index.php?rest_route=%2Fwp%2Fv2%2Fcategories&post=35973"},{"taxonomy":"post_tag","embeddable":true,"href":"https:\/\/grupotiempodigital.com.ar\/index.php?rest_route=%2Fwp%2Fv2%2Ftags&post=35973"}],"curies":[{"name":"wp","href":"https:\/\/api.w.org\/{rel}","templated":true}]}}