{"id":35968,"date":"2021-12-13T12:22:14","date_gmt":"2021-12-13T15:22:14","guid":{"rendered":"https:\/\/grupotiempodigital.com.ar\/?p=35968"},"modified":"2021-12-13T12:25:13","modified_gmt":"2021-12-13T15:25:13","slug":"informa-sad-gral-paz-titularizaciones-interinas-destinos-definitivos-2021-y-2022","status":"publish","type":"post","link":"https:\/\/grupotiempodigital.com.ar\/?p=35968","title":{"rendered":"Informa SAD Gral. Paz: TITULARIZACIONES INTERINAS\/DESTINOS DEFINITIVOS 2021 y 2022"},"content":{"rendered":"<p>SECRETAR\u00cdA DE ASUNTOS DOCENTES DE GENERAL PAZ CUMPLE EN DIFUNDIR EL CONTENIDO DE LA COMUNICACI\u00d3N CONJUNTA N\u00b0 10\/2021 EN REFERENCIA A LAS TITULARIZACIONES INTERINAS \/ DESTINOS DEFINITIVOS 2021 Y 2022. SE INFORMA, ADEM\u00c1S, QUE A LA BREVEDAD SE DIFUNDIR\u00c1 EL CRONOGRAMA DE TITULARIZACIONES INTERINAS \/ DESTINOS DEFINITIVOS 2021 Y 2022 CORRESPONDIENTE AL DISTRITO.<\/p>\n<p style=\"text-align: left;\"><strong>ACTOS P\u00daBLICOS: DESIGNACI\u00d3N DE PERSONAL DOCENTE<\/strong><br \/>\n<strong>TITULARIZACIONES INTERINAS \/DESTINOS DEFINITIVOS<\/strong><br \/>\nLas acciones se llevar\u00e1n a cabo en dos tramos: entre el 09\/12\/2021 y 29\/12\/2021 y entre 10\/02\/2022 y el 11\/03\/2022, de modo presencial cumpliendo con las medidas sanitarias que estuvieren vigentes al momento del acto p\u00fablico.<br \/>\n<strong>SECRETAR\u00cdAS DE ASUNTOS DOCENTES <\/strong><\/p>\n<p style=\"text-align: left;\"><strong>TRIBUNALES CENTRALES Y DESCENTRALIZADOS<\/strong><br \/>\nConforme los lineamientos del Cap\u00edtulo XII, \u201cDEL INGRESO\u201d de la Ley N\u00b0 10.579, modificadoras y su reglamentaci\u00f3n, los acuerdos alcanzados en Mesa de Cogesti\u00f3n y la Resoluci\u00f3n N\u00b0 634\/2021 de la DGCyE, es oportuno precisar acciones propias que, regular\u00e1n las designaciones del personal docente como titulares interinos 2021 con confirmaci\u00f3n de destino definitivo 2022 y las designaciones de los y las docentes que se desempe\u00f1ar\u00e1n como titulares interinos 2022.<br \/>\n<strong>DESIGNACIONES DE TITULARES INTERINOS CON LISTADOS 2021 Y DESTINO DEFINITIVO<\/strong><br \/>\n<strong>2022<\/strong><br \/>\n*Para la determinaci\u00f3n del cupo, se tendr\u00e1n en cuenta las vacantes producidas al 31 de julio del 2021 y las consecuencias del Movimiento Anual Docente \/ Acrecentamiento 2021\/2022.<br \/>\n*El cupo establecido para el ingreso, en el marco de las prescripciones establecidas en el Art\u00edculo 55 de la Ley N\u00b0 10.579, modificadoras y su reglamentaci\u00f3n, es del 60% de las vacantes.<br \/>\n*Las exclusiones determinadas en el Anexo 2 de la Disposici\u00f3n N\u00b0 DISPO-2020- 18-GDEBA-DTCDGCYE, MAD 2020\/2021, se considerar\u00e1n vigentes, no pudiendo ser utilizadas para las titularizaciones.<br \/>\n*Las vacantes \u00fanicas y las vacantes fuera de planta NO PUEDEN SER UTILIZADAS PARA ESTA ACCI\u00d3N ESTATUTARIA.<br \/>\n<strong>DESIGNACIONES DE TITULARES INTERINOS CON LISTADOS 2022 (DESTINO DEFINITIVO <\/strong><strong>2023)<\/strong><br \/>\n*Para la determinaci\u00f3n del cupo, se sumar\u00e1n las vacantes producidas entre el 1 de agosto 2021 y el 30 de noviembre 2021.<br \/>\n*El cupo establecido para el ingreso, en el marco de las prescripciones establecidas en el Art\u00edculo 55 de la Ley N\u00b0 10.579, modificatorias y su reglamentaci\u00f3n, es del 60% de las vacantes.<br \/>\n*Las exclusiones determinadas en el Anexo 2 de la Disposici\u00f3n N\u00b0 DISPO-2021-12-GDEBA- DTCDGCYE, MAD 2021\/2022, se considerar\u00e1n vigentes, no pudiendo ser utilizadas para las titularizaciones.<br \/>\n*Las vacantes \u00fanicas y las vacantes fuera de planta NO PODR\u00c1N SER UTILIZADAS PARA ESTA<br \/>\n<strong>ACCI\u00d3N ESTATUTARIA.<\/strong><br \/>\nCONSIDERACIONES GENERALES De acuerdo al cupo establecido, se ejemplifican algunas situaciones a considerar para proceder ante casos puntuales:<br \/>\nDistritos con 1 sola vacante no se utiliza para ingreso;<br \/>\nDistritos con 2 vacantes se utiliza 1 vacante para ingreso;<br \/>\nDistritos con 3 vacantes se utilizan 2 vacantes para ingreso; Distritos con 4 vacantes se utilizan 3 vacantes para ingreso.<br \/>\nSe recuerda que, en el marco de lo establecido en el Art\u00edculo 59 b.4 de la Ley N\u00b0 10.579 modificadoras, y su reglamentaci\u00f3n, en caso de horas c\u00e1tedra, el ingreso se realizar\u00e1 con no menos de doce (12) ni m\u00e1s de dieciocho (18) horas y\/o m\u00f3dulos que corresponda, salvo que las horas c\u00e1tedra y\/o m\u00f3dulos vacantes en el distrito, no permitan ingresar con el m\u00ednimo establecido o que el \/la docente incurra en situaci\u00f3n de incompatibilidad en las horas c\u00e1tedra \/m\u00f3dulos en las que corresponder\u00eda el ingreso o que las vacantes ofrecidas le originen situaciones de incompatibilidad con otros cargos y\/u horas c\u00e1tedra \/m\u00f3dulos titulares. En esos casos se deber\u00e1 presentar Declaraci\u00f3n Jurada actualizada de cargos\/horas c\u00e1tedra\/ m\u00f3dulos titulares.<br \/>\nSe deber\u00e1 tener presente por otra parte, los alcances de la Resoluci\u00f3n N\u00aa 370\/2003 en lo inherente a la equivalencia a un cargo.<br \/>\nEn los actos p\u00fablicos de designaci\u00f3n de titulares interinos\/destinos definitivos, se publicar\u00e1n, por todos los medios que habitualmente se utilizan en cada distrito, las vacantes pertinentes, con turno y horario.<br \/>\nEl\/la aspirante que fuera designado\/a en Acto P\u00fablico y posteriormente desistiese de efectivizar la toma de posesi\u00f3n, quedar\u00e1 excluido\/a del respectivo registro durante un (1) a\u00f1o, salvo que alegase razones de fuerza mayor debidamente documentadas posteriores a la inscripci\u00f3n en el registro de aspirantes. En estos casos los Tribunales de Clasificaci\u00f3n Centrales podr\u00e1n exceptuar al aspirante de dicha exclusi\u00f3n y prorrogar la toma de posesi\u00f3n en casos debidamente fundados, conforme las prescripciones establecidas en el Art. 66 de la Ley 10579 y su Reglamentaci\u00f3n.<br \/>\nLa toma de posesi\u00f3n de los destinos definitivos 2022 se producir\u00e1 junto con las de los\/las docentes que hubieren accedido por otras acciones estatutarias, con fecha 02 de marzo 2022.<br \/>\nLa toma de posesi\u00f3n de los interinos 2022 con destino definitivo 2023, se producir\u00e1 a partir del 2 de marzo del 2022, conforme se produzcan los actos p\u00fablicos de designaci\u00f3n.<br \/>\nLa documentaci\u00f3n exigible a los efectos de producir el acto resolutivo es:<br \/>\nTitularizaciones interinas 2021 con Destino 2022:<br \/>\n+DNI<br \/>\n+T\u00cdTULO HABILITANTE<br \/>\n+PROPUESTA DE DESIGNACI\u00d3N ANEXO 1 (con la leyenda PROPUESTA A NOMBRAMIENTO<br \/>\n2021 \/ DESTINO DEFINITIVO 2022.)<br \/>\n+APAISADA DE DESTINO DEFINITIVO (Con la leyenda PROPUESTA A NOMBRAMIENTO<br \/>\n2021 DESTINO DEFINITIVO 2022<br \/>\n<strong>NOTA:<\/strong> No se requerir\u00e1 el requisito de calificaci\u00f3n para las Titularizaciones Interinas 2021 con Destino Definitivo 2022.<br \/>\nPara los interinatos anteriores (que hubiesen sido postergados) que tomar\u00e1n Destino Definitivo con Toma de Posesi\u00f3n en el ciclo lectivo 2022, ser\u00e1 requisito la calificaci\u00f3n. Titularizaciones interinas 2022<br \/>\n+DNI<br \/>\n+T\u00cdTULO HABILITANTE<br \/>\n+PROPUESTA DE DESIGNACI\u00d3N ANEXO 1<br \/>\n+APAISADA PROPUESTA A NOMBRAMIENTO 2022.<br \/>\nLa documentaci\u00f3n ser\u00e1 solicitada a los docentes, via mail, por cada Secretar\u00eda de Asuntos Docentes en formato PDF escaneado y ser\u00e1n remitidas a la Direcci\u00f3n de Tribunales de Clasificaci\u00f3n por los medios que se establezcan, al destinatario que el Tribunal disponga para esta acci\u00f3n.<\/p>\n<p style=\"text-align: center;\"><strong>DIRECCI\u00d3N DE GESTI\u00d3N DE ASUNTOS DOCENTES<\/strong><br \/>\n<strong>DIRECCI\u00d3N DE TRIBUNALES DE CLASIFICACI\u00d3N<\/strong><\/p>\n<p>&nbsp;<\/p>\n","protected":false},"excerpt":{"rendered":"<p>SECRETAR\u00cdA DE ASUNTOS DOCENTES DE GENERAL PAZ CUMPLE EN DIFUNDIR EL CONTENIDO DE LA COMUNICACI\u00d3N CONJUNTA N\u00b0 10\/2021 EN REFERENCIA<\/p>\n","protected":false},"author":3,"featured_media":20488,"comment_status":"open","ping_status":"open","sticky":false,"template":"","format":"standard","meta":{"colormag_page_container_layout":"default_layout","colormag_page_sidebar_layout":"default_layout","footnotes":""},"categories":[1],"tags":[],"class_list":["post-35968","post","type-post","status-publish","format-standard","has-post-thumbnail","hentry","category-actualidad"],"_links":{"self":[{"href":"https:\/\/grupotiempodigital.com.ar\/index.php?rest_route=\/wp\/v2\/posts\/35968","targetHints":{"allow":["GET"]}}],"collection":[{"href":"https:\/\/grupotiempodigital.com.ar\/index.php?rest_route=\/wp\/v2\/posts"}],"about":[{"href":"https:\/\/grupotiempodigital.com.ar\/index.php?rest_route=\/wp\/v2\/types\/post"}],"author":[{"embeddable":true,"href":"https:\/\/grupotiempodigital.com.ar\/index.php?rest_route=\/wp\/v2\/users\/3"}],"replies":[{"embeddable":true,"href":"https:\/\/grupotiempodigital.com.ar\/index.php?rest_route=%2Fwp%2Fv2%2Fcomments&post=35968"}],"version-history":[{"count":4,"href":"https:\/\/grupotiempodigital.com.ar\/index.php?rest_route=\/wp\/v2\/posts\/35968\/revisions"}],"predecessor-version":[{"id":35972,"href":"https:\/\/grupotiempodigital.com.ar\/index.php?rest_route=\/wp\/v2\/posts\/35968\/revisions\/35972"}],"wp:featuredmedia":[{"embeddable":true,"href":"https:\/\/grupotiempodigital.com.ar\/index.php?rest_route=\/wp\/v2\/media\/20488"}],"wp:attachment":[{"href":"https:\/\/grupotiempodigital.com.ar\/index.php?rest_route=%2Fwp%2Fv2%2Fmedia&parent=35968"}],"wp:term":[{"taxonomy":"category","embeddable":true,"href":"https:\/\/grupotiempodigital.com.ar\/index.php?rest_route=%2Fwp%2Fv2%2Fcategories&post=35968"},{"taxonomy":"post_tag","embeddable":true,"href":"https:\/\/grupotiempodigital.com.ar\/index.php?rest_route=%2Fwp%2Fv2%2Ftags&post=35968"}],"curies":[{"name":"wp","href":"https:\/\/api.w.org\/{rel}","templated":true}]}}