{"id":35957,"date":"2021-12-13T08:20:46","date_gmt":"2021-12-13T11:20:46","guid":{"rendered":"https:\/\/grupotiempodigital.com.ar\/?p=35957"},"modified":"2021-12-13T08:20:46","modified_gmt":"2021-12-13T11:20:46","slug":"rally-argentino-gran-segunda-etapa-de-soria-porcel","status":"publish","type":"post","link":"https:\/\/grupotiempodigital.com.ar\/?p=35957","title":{"rendered":"Rally Argentino: GRAN SEGUNDA ETAPA DE SORIA-PORCEL"},"content":{"rendered":"<p>La participaci\u00f3n del ranchero Alan Porcel como navegante de Juan Soria en el Gran Premio Coronaci\u00f3n del Rally Argentino, pas\u00f3 de la de la bronca de la primera etapa, producto de la rotura del motor\u00a0 en el tramo que un\u00eda el primer y segundo especial de la carrera,\u00a0 a la satisfacci\u00f3n del muy buen segundo lugar de la etapa del domingo, incluso ganando los dos \u00faltimos especiales del d\u00eda; dejando en claro que cuando el auto funcion\u00f3 sin problemas estaban para pelear la carrera.<\/p>\n<p>Despu\u00e9s de esta participaci\u00f3n, el binomio estar\u00e1 present\u00e1ndose el pr\u00f3ximo fin de semana en el\u00a0 cierre del campeonato Mar y Sierras de rally, para definir el campeonato de la clase A.<\/p>\n<p>\ud83d\udcf8 renzo_22_fotografia<\/p>\n<p><a href=\"https:\/\/grupotiempodigital.com.ar\/wp-content\/uploads\/2021\/12\/2-1.jpg\"><img loading=\"lazy\" decoding=\"async\" class=\"aligncenter size-full wp-image-35960\" src=\"https:\/\/grupotiempodigital.com.ar\/wp-content\/uploads\/2021\/12\/2-1.jpg\" alt=\"\" width=\"630\" height=\"420\" srcset=\"https:\/\/grupotiempodigital.com.ar\/wp-content\/uploads\/2021\/12\/2-1.jpg 630w, https:\/\/grupotiempodigital.com.ar\/wp-content\/uploads\/2021\/12\/2-1-300x200.jpg 300w\" sizes=\"auto, (max-width: 630px) 100vw, 630px\" \/><\/a><\/p>\n<p><a href=\"https:\/\/grupotiempodigital.com.ar\/wp-content\/uploads\/2021\/12\/3-1.jpg\"><img loading=\"lazy\" decoding=\"async\" class=\"aligncenter size-full wp-image-35961\" src=\"https:\/\/grupotiempodigital.com.ar\/wp-content\/uploads\/2021\/12\/3-1.jpg\" alt=\"\" width=\"630\" height=\"420\" srcset=\"https:\/\/grupotiempodigital.com.ar\/wp-content\/uploads\/2021\/12\/3-1.jpg 630w, https:\/\/grupotiempodigital.com.ar\/wp-content\/uploads\/2021\/12\/3-1-300x200.jpg 300w\" sizes=\"auto, (max-width: 630px) 100vw, 630px\" \/><\/a><\/p>\n<p style=\"text-align: center;\"><strong>Informe de Marcelo Robertson es auspiciado por CEFA SRL. de Arambur\u00fa Hnos.<\/strong><\/p>\n","protected":false},"excerpt":{"rendered":"<p>La participaci\u00f3n del ranchero Alan Porcel como navegante de Juan Soria en el Gran Premio Coronaci\u00f3n del Rally Argentino, pas\u00f3<\/p>\n","protected":false},"author":3,"featured_media":35959,"comment_status":"open","ping_status":"open","sticky":false,"template":"","format":"standard","meta":{"colormag_page_container_layout":"default_layout","colormag_page_sidebar_layout":"default_layout","footnotes":""},"categories":[1],"tags":[],"class_list":["post-35957","post","type-post","status-publish","format-standard","has-post-thumbnail","hentry","category-actualidad"],"_links":{"self":[{"href":"https:\/\/grupotiempodigital.com.ar\/index.php?rest_route=\/wp\/v2\/posts\/35957","targetHints":{"allow":["GET"]}}],"collection":[{"href":"https:\/\/grupotiempodigital.com.ar\/index.php?rest_route=\/wp\/v2\/posts"}],"about":[{"href":"https:\/\/grupotiempodigital.com.ar\/index.php?rest_route=\/wp\/v2\/types\/post"}],"author":[{"embeddable":true,"href":"https:\/\/grupotiempodigital.com.ar\/index.php?rest_route=\/wp\/v2\/users\/3"}],"replies":[{"embeddable":true,"href":"https:\/\/grupotiempodigital.com.ar\/index.php?rest_route=%2Fwp%2Fv2%2Fcomments&post=35957"}],"version-history":[{"count":2,"href":"https:\/\/grupotiempodigital.com.ar\/index.php?rest_route=\/wp\/v2\/posts\/35957\/revisions"}],"predecessor-version":[{"id":35962,"href":"https:\/\/grupotiempodigital.com.ar\/index.php?rest_route=\/wp\/v2\/posts\/35957\/revisions\/35962"}],"wp:featuredmedia":[{"embeddable":true,"href":"https:\/\/grupotiempodigital.com.ar\/index.php?rest_route=\/wp\/v2\/media\/35959"}],"wp:attachment":[{"href":"https:\/\/grupotiempodigital.com.ar\/index.php?rest_route=%2Fwp%2Fv2%2Fmedia&parent=35957"}],"wp:term":[{"taxonomy":"category","embeddable":true,"href":"https:\/\/grupotiempodigital.com.ar\/index.php?rest_route=%2Fwp%2Fv2%2Fcategories&post=35957"},{"taxonomy":"post_tag","embeddable":true,"href":"https:\/\/grupotiempodigital.com.ar\/index.php?rest_route=%2Fwp%2Fv2%2Ftags&post=35957"}],"curies":[{"name":"wp","href":"https:\/\/api.w.org\/{rel}","templated":true}]}}