{"id":35954,"date":"2021-12-13T08:12:30","date_gmt":"2021-12-13T11:12:30","guid":{"rendered":"https:\/\/grupotiempodigital.com.ar\/?p=35954"},"modified":"2021-12-13T08:12:30","modified_gmt":"2021-12-13T11:12:30","slug":"informa-anses-calendarios-de-pago-de-hoy-lunes-13-de-diciembre","status":"publish","type":"post","link":"https:\/\/grupotiempodigital.com.ar\/?p=35954","title":{"rendered":"Informa ANSES: CALENDARIOS DE PAGO DE HOY LUNES 13 DE DICIEMBRE"},"content":{"rendered":"<h3 class=\"yiv6764605219MsoNormal\"><b>Jubilaciones\u00a0y\u00a0pensiones\u00a0<\/b><\/h3>\n<p class=\"yiv6764605219MsoNormal\">Las sucursales bancarias habilitadas atender\u00e1n por ventanilla a jubilados, jubiladas, pensionados y pensionadas con documentos terminados en\u00a0<b>3\u00a0<\/b>cuyos<b>\u00a0haberes NO SUPEREN la suma de 32.664 pesos<\/b>.<\/p>\n<h3 class=\"yiv6764605219MsoNormal\"><b>Asignaci\u00f3n Universal por Hijo y Asignaci\u00f3n Familiar por Hijo<\/b><\/h3>\n<p class=\"yiv6764605219MsoNormal\">Con la utilizaci\u00f3n de la tarjeta de d\u00e9bito, hoy perciben la Asignaci\u00f3n Universal por Hijo y la Asignaci\u00f3n Familiar por Hijo titulares con documentos concluidos en\u00a0<b>3<\/b>.<\/p>\n<h3 class=\"yiv6764605219MsoNormal\"><b>Asignaci\u00f3n por Embarazo<\/b><\/h3>\n<p class=\"yiv6764605219MsoNormal\">Con la utilizaci\u00f3n de la tarjeta de d\u00e9bito, hoy cobran la Asignaci\u00f3n por Embarazo las titulares con documentos finalizados en\u00a0<b>1<\/b>.<b><\/b><\/p>\n<h3 class=\"yiv6764605219MsoNormal\"><b>Asignaciones por\u00a0Prenatal\u00a0y por Maternidad<\/b><\/h3>\n<p class=\"yiv6764605219MsoNormal\">Las titulares de la Asignaci\u00f3n por\u00a0Prenatal\u00a0y Asignaci\u00f3n por Maternidad con documentos terminados en\u00a0<b>0\u00a0<\/b>y<b>\u00a01<\/b>\u00a0perciben hoy su prestaci\u00f3n.<\/p>\n<h3 class=\"yiv6764605219MsoNormal\"><b>Programa Alimentar<\/b><\/h3>\n<p class=\"yiv6764605219MsoNormal\">En el marco del Plan Argentina contra el Hambre del Ministerio de Desarrollo Social, ANSES acompa\u00f1a con el pago del programa Alimentar. Hoy cobran titulares de <b>AUH<\/b> con documentos concluidos en <b>3<\/b> en la misma cuenta de la prestaci\u00f3n.<\/p>\n<h3 class=\"yiv6764605219MsoNormal\"><b>Programa Hogar<\/b><\/h3>\n<p class=\"yiv6764605219MsoNormal\">ANSES y la Secretar\u00eda de Energ\u00eda impulsan en conjunto el Programa Hogar, mediante el cual se otorga un subsidio para la compra de garrafas en viviendas que no est\u00e1n conectadas a la red de gas natural.\u00a0Hoycobran este beneficio las personas con documentos finalizados en <b>3<\/b>.<\/p>\n<h3 class=\"yiv6764605219MsoNormal\"><b>Progresar<\/b><\/h3>\n<p class=\"yiv6764605219MsoNormal\">Con Progresar, ANSES y el Ministerio de Educaci\u00f3n garantizan el derecho de terminar los estudios a j\u00f3venes del pa\u00eds. Hoy cobran titulares con documentos terminados en <b>2 <\/b>y <b>3<\/b>.<\/p>\n<h3 class=\"yiv6764605219MsoNormal\"><b>Programa Alimentario PAMI<\/b><\/h3>\n<p class=\"yiv6764605219MsoNormal\">En el marco del Programa Alimentario PAMI, ANSES abona hoy el pago extraordinario equivalente al monto del bols\u00f3n de alimentos para jubilados, jubiladas, pensionados y pensionadas con documentos concluidos en<b> 3\u00a0<\/b>cuyos<b>\u00a0haberes NO SUPEREN la suma de 32.664 pesos<\/b>. Para m\u00e1s informaci\u00f3n se puede ingresar a <a href=\"http:\/\/www.pami.org.ar\/programa-alimentario\" target=\"_blank\" rel=\"nofollow noopener noreferrer\" shape=\"rect\">www.pami.org.ar\/programa-alimentario<\/a>.<\/p>\n<h3 class=\"yiv3418245737MsoNormal\" align=\"center\"><b>RAVERTA: \u201c<i>EL PRESIDENTE TOM\u00d3 LA DECISI\u00d3N POL\u00cdTICA DE OTORGAR UN BONO DE FIN DE A\u00d1O PARA LAS JUBILADAS Y LOS JUBILADOS<\/i>\u201d<i><\/i><\/b><\/h3>\n<p class=\"yiv3418245737MsoNormal\" style=\"text-align: left;\" align=\"center\"><b>\u00a0<\/b>La directora ejecutiva de ANSES, <b>Fernanda Raverta<\/b>,<b> <\/b>inform\u00f3 que \u201c<i>se est\u00e1 evaluando el alcance del bono para jubilados y jubiladas, de qu\u00e9 manera, qu\u00e9 monto y en qu\u00e9 fecha se otorgar\u00e1. Requiere de cuestiones administrativas y log\u00edsticas muy importantes, pero otorgarlo fue una decisi\u00f3n pol\u00edtica del Presidente<\/i>\u201d.<\/p>\n<p class=\"yiv3418245737MsoNormal\" style=\"text-align: left;\">Asimismo, <b>Raverta<\/b> destac\u00f3 que \u201c<i>este bono se da en el marco de la nueva f\u00f3rmula de movilidad jubilatoria que dej\u00f3 un saldo muy positivo.\u201d <\/i>Y agreg\u00f3:<i> \u201cNos comprometimos a que los haberes de los jubilados y las jubiladas no perdieran contra la inflaci\u00f3n y que pudieran ganarle siempre a la f\u00f3rmula anterior y eso se cumpli\u00f3 de acuerdo al compromiso que asumimos, gracias al aumento del 12,11 por ciento que reciben por la Ley de Movilidad<\/i>\u201d.<\/p>\n<p class=\"yiv3418245737MsoNormal\" style=\"text-align: left;\">La directora ejecutiva hizo menci\u00f3n del programa <i>M\u00e1s Cultura<\/i> que el organismo relanz\u00f3 esta semana y dijo<i>: \u201cVolvemos a poner en funcionamiento la industria cultural que fue afectada por la pandemia<\/i>. <i>Junto al Ministerio de Cultura de la Naci\u00f3n llevamos adelante una propuesta para que j\u00f3venes de 18 a 24 a\u00f1os accedan a bienes culturales, como libros, entradas de cine, de teatro, recitales. Lo pueden hacer gracias a una billetera virtual del Banco Naci\u00f3n con 5 mil pesos por semestre. Hoy m\u00e1s de 400 mil chicos ya tienen ese dinero depositado<\/i>\u201d.<\/p>\n<p>&nbsp;<\/p>\n","protected":false},"excerpt":{"rendered":"<p>Jubilaciones\u00a0y\u00a0pensiones\u00a0 Las sucursales bancarias habilitadas atender\u00e1n por ventanilla a jubilados, jubiladas, pensionados y pensionadas con documentos terminados en\u00a03\u00a0cuyos\u00a0haberes NO SUPEREN<\/p>\n","protected":false},"author":3,"featured_media":20607,"comment_status":"open","ping_status":"open","sticky":false,"template":"","format":"standard","meta":{"colormag_page_container_layout":"default_layout","colormag_page_sidebar_layout":"default_layout","footnotes":""},"categories":[1],"tags":[],"class_list":["post-35954","post","type-post","status-publish","format-standard","has-post-thumbnail","hentry","category-actualidad"],"_links":{"self":[{"href":"https:\/\/grupotiempodigital.com.ar\/index.php?rest_route=\/wp\/v2\/posts\/35954","targetHints":{"allow":["GET"]}}],"collection":[{"href":"https:\/\/grupotiempodigital.com.ar\/index.php?rest_route=\/wp\/v2\/posts"}],"about":[{"href":"https:\/\/grupotiempodigital.com.ar\/index.php?rest_route=\/wp\/v2\/types\/post"}],"author":[{"embeddable":true,"href":"https:\/\/grupotiempodigital.com.ar\/index.php?rest_route=\/wp\/v2\/users\/3"}],"replies":[{"embeddable":true,"href":"https:\/\/grupotiempodigital.com.ar\/index.php?rest_route=%2Fwp%2Fv2%2Fcomments&post=35954"}],"version-history":[{"count":2,"href":"https:\/\/grupotiempodigital.com.ar\/index.php?rest_route=\/wp\/v2\/posts\/35954\/revisions"}],"predecessor-version":[{"id":35956,"href":"https:\/\/grupotiempodigital.com.ar\/index.php?rest_route=\/wp\/v2\/posts\/35954\/revisions\/35956"}],"wp:featuredmedia":[{"embeddable":true,"href":"https:\/\/grupotiempodigital.com.ar\/index.php?rest_route=\/wp\/v2\/media\/20607"}],"wp:attachment":[{"href":"https:\/\/grupotiempodigital.com.ar\/index.php?rest_route=%2Fwp%2Fv2%2Fmedia&parent=35954"}],"wp:term":[{"taxonomy":"category","embeddable":true,"href":"https:\/\/grupotiempodigital.com.ar\/index.php?rest_route=%2Fwp%2Fv2%2Fcategories&post=35954"},{"taxonomy":"post_tag","embeddable":true,"href":"https:\/\/grupotiempodigital.com.ar\/index.php?rest_route=%2Fwp%2Fv2%2Ftags&post=35954"}],"curies":[{"name":"wp","href":"https:\/\/api.w.org\/{rel}","templated":true}]}}