{"id":35936,"date":"2021-12-10T16:10:23","date_gmt":"2021-12-10T19:10:23","guid":{"rendered":"https:\/\/grupotiempodigital.com.ar\/?p=35936"},"modified":"2021-12-10T16:12:07","modified_gmt":"2021-12-10T19:12:07","slug":"alan-porcel-vuelve-al-argentino","status":"publish","type":"post","link":"https:\/\/grupotiempodigital.com.ar\/?p=35936","title":{"rendered":"ALAN PORCEL VUELVE AL ARGENTINO"},"content":{"rendered":"<p>El Campeonato Argentino de Rally disputa la \u00faltima fecha de la temporada 2021 en la ciudad de Concepci\u00f3n del Uruguay, Provincia de Entre R\u00edos para desarrollar el Gran Premio.<\/p>\n<p>All\u00ed estar\u00e1 el ranchero Alan Porcel como\u00a0 navegante de Juan Soria en la clase RC3 (Junior) a bordo del Toyota Etios con el cual participaron en la fecha anterior del mencionado certamen.<\/p>\n<p>La actividad comenz\u00f3 en la jornada del jueves con la verificaci\u00f3n administrativa,\u00a0 el viernes se habilitaron en los horarios establecidos los tramos para llevar a cabo el reconocimiento. A\u00a0 las 14 se disput\u00f3 el shakedown sobre un dibujo de 3570 metros\u00a0 en el aut\u00f3dromo local. En estas pruebas libres, el binomio Soria-Porcel registr\u00f3 el tercer tiempo a 1&#8243;3 d\u00e9cimas del puntero.<\/p>\n<p>Desde las 20:30 hs, se realiz\u00f3 como es\u00a0 habitual la\u00a0 rampa de largada promocional en la Plaza General Francisco Ram\u00edrez; mientras que las pruebas de velocidad de la novena fecha comenzar\u00e1n el s\u00e1bado a 9,48 horas, con un especial de 10,33 km en la localidad de Pronunciamiento.<\/p>\n<p>Otro campeonato de rally que llega a su final y con representante de nuestro distrito, c\u00f3mo ha ocurrido con diferentes protagonistas a lo largo del 2021.<\/p>\n<p><strong>Informe de Marcelo Robertson \u2013 Presentado por CEFA Srl. Acopio de Cereales<\/strong><\/p>\n<div id='gallery-1' class='gallery galleryid-35936 gallery-columns-2 gallery-size-full'><figure class='gallery-item'>\n\t\t\t<div class='gallery-icon landscape'>\n\t\t\t\t<a href='https:\/\/grupotiempodigital.com.ar\/?attachment_id=35938'><img loading=\"lazy\" decoding=\"async\" width=\"1599\" height=\"777\" src=\"https:\/\/grupotiempodigital.com.ar\/wp-content\/uploads\/2021\/12\/Alan-Porcel-2.jpeg\" class=\"attachment-full size-full\" alt=\"\" srcset=\"https:\/\/grupotiempodigital.com.ar\/wp-content\/uploads\/2021\/12\/Alan-Porcel-2.jpeg 1599w, https:\/\/grupotiempodigital.com.ar\/wp-content\/uploads\/2021\/12\/Alan-Porcel-2-300x146.jpeg 300w, https:\/\/grupotiempodigital.com.ar\/wp-content\/uploads\/2021\/12\/Alan-Porcel-2-1024x498.jpeg 1024w, https:\/\/grupotiempodigital.com.ar\/wp-content\/uploads\/2021\/12\/Alan-Porcel-2-768x373.jpeg 768w, https:\/\/grupotiempodigital.com.ar\/wp-content\/uploads\/2021\/12\/Alan-Porcel-2-1536x746.jpeg 1536w\" sizes=\"auto, (max-width: 1599px) 100vw, 1599px\" \/><\/a>\n\t\t\t<\/div><\/figure><figure class='gallery-item'>\n\t\t\t<div class='gallery-icon landscape'>\n\t\t\t\t<a href='https:\/\/grupotiempodigital.com.ar\/?attachment_id=35939'><img loading=\"lazy\" decoding=\"async\" width=\"1599\" height=\"899\" src=\"https:\/\/grupotiempodigital.com.ar\/wp-content\/uploads\/2021\/12\/Alan-Porcel.jpeg\" class=\"attachment-full size-full\" alt=\"\" srcset=\"https:\/\/grupotiempodigital.com.ar\/wp-content\/uploads\/2021\/12\/Alan-Porcel.jpeg 1599w, https:\/\/grupotiempodigital.com.ar\/wp-content\/uploads\/2021\/12\/Alan-Porcel-300x169.jpeg 300w, https:\/\/grupotiempodigital.com.ar\/wp-content\/uploads\/2021\/12\/Alan-Porcel-1024x576.jpeg 1024w, https:\/\/grupotiempodigital.com.ar\/wp-content\/uploads\/2021\/12\/Alan-Porcel-768x432.jpeg 768w, https:\/\/grupotiempodigital.com.ar\/wp-content\/uploads\/2021\/12\/Alan-Porcel-1536x864.jpeg 1536w, https:\/\/grupotiempodigital.com.ar\/wp-content\/uploads\/2021\/12\/Alan-Porcel-1140x641.jpeg 1140w, https:\/\/grupotiempodigital.com.ar\/wp-content\/uploads\/2021\/12\/Alan-Porcel-720x405.jpeg 720w\" sizes=\"auto, (max-width: 1599px) 100vw, 1599px\" \/><\/a>\n\t\t\t<\/div><\/figure>\n\t\t<\/div>\n\n","protected":false},"excerpt":{"rendered":"<p>El Campeonato Argentino de Rally disputa la \u00faltima fecha de la temporada 2021 en la ciudad de Concepci\u00f3n del Uruguay,<\/p>\n","protected":false},"author":3,"featured_media":35939,"comment_status":"open","ping_status":"open","sticky":false,"template":"","format":"standard","meta":{"colormag_page_container_layout":"default_layout","colormag_page_sidebar_layout":"default_layout","footnotes":""},"categories":[1,5,38,44],"tags":[],"class_list":["post-35936","post","type-post","status-publish","format-standard","has-post-thumbnail","hentry","category-actualidad","category-deportivas","category-destacadas","category-general-paz"],"_links":{"self":[{"href":"https:\/\/grupotiempodigital.com.ar\/index.php?rest_route=\/wp\/v2\/posts\/35936","targetHints":{"allow":["GET"]}}],"collection":[{"href":"https:\/\/grupotiempodigital.com.ar\/index.php?rest_route=\/wp\/v2\/posts"}],"about":[{"href":"https:\/\/grupotiempodigital.com.ar\/index.php?rest_route=\/wp\/v2\/types\/post"}],"author":[{"embeddable":true,"href":"https:\/\/grupotiempodigital.com.ar\/index.php?rest_route=\/wp\/v2\/users\/3"}],"replies":[{"embeddable":true,"href":"https:\/\/grupotiempodigital.com.ar\/index.php?rest_route=%2Fwp%2Fv2%2Fcomments&post=35936"}],"version-history":[{"count":3,"href":"https:\/\/grupotiempodigital.com.ar\/index.php?rest_route=\/wp\/v2\/posts\/35936\/revisions"}],"predecessor-version":[{"id":35941,"href":"https:\/\/grupotiempodigital.com.ar\/index.php?rest_route=\/wp\/v2\/posts\/35936\/revisions\/35941"}],"wp:featuredmedia":[{"embeddable":true,"href":"https:\/\/grupotiempodigital.com.ar\/index.php?rest_route=\/wp\/v2\/media\/35939"}],"wp:attachment":[{"href":"https:\/\/grupotiempodigital.com.ar\/index.php?rest_route=%2Fwp%2Fv2%2Fmedia&parent=35936"}],"wp:term":[{"taxonomy":"category","embeddable":true,"href":"https:\/\/grupotiempodigital.com.ar\/index.php?rest_route=%2Fwp%2Fv2%2Fcategories&post=35936"},{"taxonomy":"post_tag","embeddable":true,"href":"https:\/\/grupotiempodigital.com.ar\/index.php?rest_route=%2Fwp%2Fv2%2Ftags&post=35936"}],"curies":[{"name":"wp","href":"https:\/\/api.w.org\/{rel}","templated":true}]}}