{"id":35743,"date":"2021-11-30T19:34:29","date_gmt":"2021-11-30T22:34:29","guid":{"rendered":"https:\/\/grupotiempodigital.com.ar\/?p=35743"},"modified":"2021-11-30T19:35:46","modified_gmt":"2021-11-30T22:35:46","slug":"nicolas-demario-era-la-pelea-de-su-vida-y-resulto-el-viaje-de-su-vida","status":"publish","type":"post","link":"https:\/\/grupotiempodigital.com.ar\/?p=35743","title":{"rendered":"Nicol\u00e1s Demario: Era la pelea de su vida y result\u00f3 el viaje de su vida"},"content":{"rendered":"<p>En su regreso a Ranchos tras su fracasado viaje para pelear en el Madison Square Garden de Nueva York, estuvo este martes en las radios de TIEMPO (Libres del Sur FM 90.1 Mhz de Chascom\u00fas en Ranchos La Palabra FM 90.7 Mhz y LV FM 90.1 Mhz de Loma Verde) el p\u00fagil profesional ranchero Nicolas Demario dialogando sobre lo ocurrido. \u00abAyer llegu\u00e9 a mi casa. A New York arrib\u00e9 el martes pasado y entren\u00e9 normalmente hasta el viernes. Me hicieron unos estudios espec\u00edficos al igual que a todos los que pele\u00e1bamos en la cartelera del s\u00e1bado. Nosotros igualmente antes mandamos estudios que hicimos ac\u00e1. Y fue all\u00e1 que \u201csalt\u00f3\u201d una hemorragia en la cabeza que me comunicaron el viernes cuando llegu\u00e9 al pesaje. Pasa que ese estudio ac\u00e1 no se hace nunca.\u201d Agreg\u00f3 un Demario que se mostr\u00f3 tan equilibrado que los \u00fanicos que hablaron permanentemente de su vuelta a los rings fueron los entrevistadores. \u201c Siempre tuve claro que primero est\u00e1 la salud\u201d remarc\u00f3 Nicol\u00e1s. \u201c Ma\u00f1ana tengo que hacerme los estudios ac\u00e1. En los Estados Unidos me recomendaron reposo. Ahora voy a hacerle caso a los m\u00e9dicos y tomarme el tiempo necesario&#8230;\u00bb explico Demario sobre lo ocurrido en la meca del boxeo. Ubicado s\u00e9ptimo en el ranking argentino de los superligeros y en ascenso, a sus 27 a\u00f1os, Demario iba a percibir en los Estados Unidos la bolsa mas importante de su carrera. (\u201cEquivalente a pelear con el primero del ranking todos los meses durante dos a\u00f1os\u201d compar\u00f3 Fabio su padre y entrenador)Sobre las sensaciones que le dej\u00f3 Estados Unidos analizo \u00abLa experiencia de estar en el ring side del Madison es espectacular. Hice muchos contactos con gente de todos lados que me siguen mandando para ver como estoy. La comisi\u00f3n de New York tambi\u00e9n esta en contacto para poder volver&#8230;\u00bb sentenci\u00f3 Nico y aclaro \u00abS\u00e9 que soy joven y si tengo que parar tres meses o un a\u00f1o para recuperarme s\u00e9 que lo voy a hacer\u2026.\u00bbNico Demario, viaj\u00f3 por la pelea de su vida. Y tal vez fue as\u00ed nomas. El viaje de su vida.<\/p>\n<p style=\"text-align: center;\"><strong>ESCUCHAR ENTREVISTA COMPLETA<\/strong><\/p>\n<p><iframe loading=\"lazy\" src=\"https:\/\/drive.google.com\/file\/d\/1hjFPFe2bWLa2b_4kzocs5EV6_yBdnasQ\/preview\" width=\"640\" height=\"480\" allow=\"autoplay\"><\/iframe><\/p>\n","protected":false},"excerpt":{"rendered":"<p>En su regreso a Ranchos tras su fracasado viaje para pelear en el Madison Square Garden de Nueva York, estuvo<\/p>\n","protected":false},"author":3,"featured_media":35747,"comment_status":"open","ping_status":"open","sticky":false,"template":"","format":"standard","meta":{"colormag_page_container_layout":"default_layout","colormag_page_sidebar_layout":"default_layout","footnotes":""},"categories":[1,5,38,44,43],"tags":[],"class_list":["post-35743","post","type-post","status-publish","format-standard","has-post-thumbnail","hentry","category-actualidad","category-deportivas","category-destacadas","category-general-paz","category-notas-con-audio"],"_links":{"self":[{"href":"https:\/\/grupotiempodigital.com.ar\/index.php?rest_route=\/wp\/v2\/posts\/35743","targetHints":{"allow":["GET"]}}],"collection":[{"href":"https:\/\/grupotiempodigital.com.ar\/index.php?rest_route=\/wp\/v2\/posts"}],"about":[{"href":"https:\/\/grupotiempodigital.com.ar\/index.php?rest_route=\/wp\/v2\/types\/post"}],"author":[{"embeddable":true,"href":"https:\/\/grupotiempodigital.com.ar\/index.php?rest_route=\/wp\/v2\/users\/3"}],"replies":[{"embeddable":true,"href":"https:\/\/grupotiempodigital.com.ar\/index.php?rest_route=%2Fwp%2Fv2%2Fcomments&post=35743"}],"version-history":[{"count":3,"href":"https:\/\/grupotiempodigital.com.ar\/index.php?rest_route=\/wp\/v2\/posts\/35743\/revisions"}],"predecessor-version":[{"id":35748,"href":"https:\/\/grupotiempodigital.com.ar\/index.php?rest_route=\/wp\/v2\/posts\/35743\/revisions\/35748"}],"wp:featuredmedia":[{"embeddable":true,"href":"https:\/\/grupotiempodigital.com.ar\/index.php?rest_route=\/wp\/v2\/media\/35747"}],"wp:attachment":[{"href":"https:\/\/grupotiempodigital.com.ar\/index.php?rest_route=%2Fwp%2Fv2%2Fmedia&parent=35743"}],"wp:term":[{"taxonomy":"category","embeddable":true,"href":"https:\/\/grupotiempodigital.com.ar\/index.php?rest_route=%2Fwp%2Fv2%2Fcategories&post=35743"},{"taxonomy":"post_tag","embeddable":true,"href":"https:\/\/grupotiempodigital.com.ar\/index.php?rest_route=%2Fwp%2Fv2%2Ftags&post=35743"}],"curies":[{"name":"wp","href":"https:\/\/api.w.org\/{rel}","templated":true}]}}